{"id":1009,"date":"2015-09-04T12:32:19","date_gmt":"2015-09-04T10:32:19","guid":{"rendered":"http:\/\/www.arhivtk.ba\/?p=1009"},"modified":"2015-09-04T13:36:07","modified_gmt":"2015-09-04T11:36:07","slug":"drzana-promocija-izdanja-arhiva-tk-i-daz-tk","status":"publish","type":"post","link":"https:\/\/www.arhivtk.ba\/?p=1009","title":{"rendered":"Odr\u017eana promocija izdanja Arhiva TK i DAZ TK"},"content":{"rendered":"<p style=\"text-align: justify;\">U \u010detvrtak, 3. septembra 2015. godine, u okviru sajma knjige BOOKFEST koji se odr\u017eava na Trgu slobode u Tuzli, sa po\u010detkom u 16 sati uprili\u010dena je promocija izdanja Arhiva Tuzlanskog kantona i Dru\u0161tva arhivskih zaposlenika TK.<\/p>\n<p style=\"text-align: justify;\">Promotori su bili:<\/p>\n<p style=\"text-align: justify;\"><strong> dr. Izet \u0160aboti\u0107<\/strong>, koji je govorio o posljednjem broju \u010dasopisa &#8220;Arhivska praksa&#8221; (broj 17.),<\/p>\n<p style=\"text-align: justify;\"><strong> dr. Sead Selimovi\u0107<\/strong>, predstavio &#8220;Bibliografiju zaposlenika Arhiva TK 1969.-2014.&#8221;<\/p>\n<p style=\"text-align: justify;\"><strong>mr. Omer Zuli\u0107<\/strong>, predstavio posljednje izdanje Arhiva TK i DAZ TK, knjigu Sejfulaha Imamovi\u0107a &#8220;Simbolika \u017eivota i nadgrobnih spomenika&#8221;<\/p>\n<p style=\"text-align: justify;\"><strong>Selma Isi\u0107<\/strong>, govorila je o knjizi Edina Rami\u0107a &#8220;Historijsko pravni zna\u010daj francuske deklaracije o pravima \u010dovjeka i gra\u0111anina&#8221;<\/p>\n<p style=\"text-align: justify;\"><strong>Adnan Tinji\u0107<\/strong>, predstavio knjigu &#8220;Trgova\u010dke prilike u Bosanskom ejaletu 1793.-1831., autora Alena Salihovi\u0107a.<\/p>\n<p style=\"text-align: justify;\">\n<div id='gallery-1' class='gallery galleryid-1009 gallery-columns-3 gallery-size-thumbnail'><figure class='gallery-item'>\n\t\t\t<div class='gallery-icon landscape'>\n\t\t\t\t<a href='https:\/\/www.arhivtk.ba\/?attachment_id=1013'><img loading=\"lazy\" decoding=\"async\" width=\"150\" height=\"150\" src=\"https:\/\/www.arhivtk.ba\/wp-content\/uploads\/2015\/09\/IMAG0493-150x150.jpg\" class=\"attachment-thumbnail size-thumbnail\" alt=\"\" \/><\/a>\n\t\t\t<\/div><\/figure><figure class='gallery-item'>\n\t\t\t<div class='gallery-icon landscape'>\n\t\t\t\t<a href='https:\/\/www.arhivtk.ba\/?attachment_id=1014'><img loading=\"lazy\" decoding=\"async\" width=\"150\" height=\"150\" src=\"https:\/\/www.arhivtk.ba\/wp-content\/uploads\/2015\/09\/image-4c1d921d6bce54bf07e7f739e1be6394a5ca88a297688f0cc78adff63cceaceb-V-150x150.jpg\" class=\"attachment-thumbnail size-thumbnail\" alt=\"\" \/><\/a>\n\t\t\t<\/div><\/figure><figure class='gallery-item'>\n\t\t\t<div class='gallery-icon landscape'>\n\t\t\t\t<a href='https:\/\/www.arhivtk.ba\/?attachment_id=1015'><img loading=\"lazy\" decoding=\"async\" width=\"150\" height=\"150\" src=\"https:\/\/www.arhivtk.ba\/wp-content\/uploads\/2015\/09\/image-9e07f1fbfe08f69fb2ba0ec0d2aa38d303343a74bb910aad85ca57d615bfa328-V-150x150.jpg\" class=\"attachment-thumbnail size-thumbnail\" alt=\"\" \/><\/a>\n\t\t\t<\/div><\/figure><figure class='gallery-item'>\n\t\t\t<div class='gallery-icon landscape'>\n\t\t\t\t<a href='https:\/\/www.arhivtk.ba\/?attachment_id=1016'><img loading=\"lazy\" decoding=\"async\" width=\"150\" height=\"150\" src=\"https:\/\/www.arhivtk.ba\/wp-content\/uploads\/2015\/09\/image-a50afa64cb09f6ac0e641b02bed35788ed6a45c4ef995ebdcbaabb2f20a83f3e-V-150x150.jpg\" class=\"attachment-thumbnail size-thumbnail\" alt=\"\" \/><\/a>\n\t\t\t<\/div><\/figure><figure class='gallery-item'>\n\t\t\t<div class='gallery-icon landscape'>\n\t\t\t\t<a href='https:\/\/www.arhivtk.ba\/?attachment_id=1017'><img loading=\"lazy\" decoding=\"async\" width=\"150\" height=\"150\" src=\"https:\/\/www.arhivtk.ba\/wp-content\/uploads\/2015\/09\/image-ae1e268453e5ec78489826119649445d893f786ba6edba3017d0922f2c59c6b5-V-150x150.jpg\" class=\"attachment-thumbnail size-thumbnail\" alt=\"\" \/><\/a>\n\t\t\t<\/div><\/figure><figure class='gallery-item'>\n\t\t\t<div class='gallery-icon landscape'>\n\t\t\t\t<a href='https:\/\/www.arhivtk.ba\/?attachment_id=1018'><img loading=\"lazy\" decoding=\"async\" width=\"150\" height=\"150\" src=\"https:\/\/www.arhivtk.ba\/wp-content\/uploads\/2015\/09\/image-ae5fe085bcfbb2675ff4472069bd0df46f989ad2287edcbfedc8609333095662-V-150x150.jpg\" class=\"attachment-thumbnail size-thumbnail\" alt=\"\" \/><\/a>\n\t\t\t<\/div><\/figure><figure class='gallery-item'>\n\t\t\t<div class='gallery-icon landscape'>\n\t\t\t\t<a href='https:\/\/www.arhivtk.ba\/?attachment_id=1019'><img loading=\"lazy\" decoding=\"async\" width=\"150\" height=\"150\" src=\"https:\/\/www.arhivtk.ba\/wp-content\/uploads\/2015\/09\/image-cc57e7a13a0419117cb0be3838d93d8693fd88c5fe9a09a72a451bafd2e81a24-V-150x150.jpg\" class=\"attachment-thumbnail size-thumbnail\" alt=\"\" \/><\/a>\n\t\t\t<\/div><\/figure>\n\t\t<\/div>\n\n","protected":false},"excerpt":{"rendered":"<p>U \u010detvrtak, 3. septembra 2015. godine, u okviru sajma knjige BOOKFEST koji se odr\u017eava na Trgu slobode u Tuzli, sa po\u010detkom u 16 sati uprili\u010dena je promocija izdanja Arhiva Tuzlanskog&hellip;<\/p>\n","protected":false},"author":1,"featured_media":0,"comment_status":"closed","ping_status":"closed","sticky":false,"template":"","format":"standard","meta":{"footnotes":""},"categories":[1],"tags":[],"class_list":["post-1009","post","type-post","status-publish","format-standard","hentry","category-novosti"],"_links":{"self":[{"href":"https:\/\/www.arhivtk.ba\/index.php?rest_route=\/wp\/v2\/posts\/1009","targetHints":{"allow":["GET"]}}],"collection":[{"href":"https:\/\/www.arhivtk.ba\/index.php?rest_route=\/wp\/v2\/posts"}],"about":[{"href":"https:\/\/www.arhivtk.ba\/index.php?rest_route=\/wp\/v2\/types\/post"}],"author":[{"embeddable":true,"href":"https:\/\/www.arhivtk.ba\/index.php?rest_route=\/wp\/v2\/users\/1"}],"replies":[{"embeddable":true,"href":"https:\/\/www.arhivtk.ba\/index.php?rest_route=%2Fwp%2Fv2%2Fcomments&post=1009"}],"version-history":[{"count":3,"href":"https:\/\/www.arhivtk.ba\/index.php?rest_route=\/wp\/v2\/posts\/1009\/revisions"}],"predecessor-version":[{"id":1020,"href":"https:\/\/www.arhivtk.ba\/index.php?rest_route=\/wp\/v2\/posts\/1009\/revisions\/1020"}],"wp:attachment":[{"href":"https:\/\/www.arhivtk.ba\/index.php?rest_route=%2Fwp%2Fv2%2Fmedia&parent=1009"}],"wp:term":[{"taxonomy":"category","embeddable":true,"href":"https:\/\/www.arhivtk.ba\/index.php?rest_route=%2Fwp%2Fv2%2Fcategories&post=1009"},{"taxonomy":"post_tag","embeddable":true,"href":"https:\/\/www.arhivtk.ba\/index.php?rest_route=%2Fwp%2Fv2%2Ftags&post=1009"}],"curies":[{"name":"wp","href":"https:\/\/api.w.org\/{rel}","templated":true}]}}