{"id":1024,"date":"2015-09-15T10:42:43","date_gmt":"2015-09-15T08:42:43","guid":{"rendered":"http:\/\/www.arhivtk.ba\/?p=1024"},"modified":"2015-09-15T10:44:29","modified_gmt":"2015-09-15T08:44:29","slug":"najava-javne-tribine-kulturno-naslijede-i-bastinske-ustanove-u-vremenu-recesije-stanje-i-perspektive","status":"publish","type":"post","link":"https:\/\/www.arhivtk.ba\/?p=1024","title":{"rendered":"Najava Javne tribine &#8220;Kulturno naslije\u0111e i ba\u0161tinske ustanove u vremenu recesije &#8211; stanje i perspektive&#8221;"},"content":{"rendered":"<p style=\"text-align: justify;\">Odsjek za historiju Filozofskog fakulteta u Tuzli u saradnji sa Arhivom Tuzlanskog kantona, Muzejom isto\u010dne Bosne, Zavodom za za\u0161titu i kori\u0161tenje kulturno-historijskog i prirodnog naslije\u0111a TK povodom 23. septembra, Me\u0111unarodnog dana kulturne ba\u0161tine organiziraju JAVNU TRIBINU pod nazivom &#8220;<strong>Kulturno naslije\u0111e i ba\u0161tinske ustanove u vremenu recesije &#8211; stanje i perspektive<\/strong>&#8220;.<\/p>\n<p style=\"text-align: justify;\">U\u010desnici tribine su: prof. dr. Izet \u0160aboti\u0107, mr. sc.Rusmir Djedovi\u0107, mr. sc. Omer Zuli\u0107, Esaf Levi\u0107 i mr. sc. Merima Alji\u0107. Moderator je mr. Mersiha Imamovi\u0107.<\/p>\n<p style=\"text-align: justify;\">Tribina \u0107e se odr\u017eati 22. septembra sa po\u010detkom u 12:05 sati u amfiteatru II Filozofskog fakulteta u Tuzli. Pozivamo vas da prisustvujete i uzmete u\u010de\u0161\u0107a u istoj.<\/p>\n<p style=\"text-align: justify;\"><a href=\"https:\/\/www.arhivtk.ba\/wp-content\/uploads\/2015\/09\/plakat-tribina.jpg\"><img loading=\"lazy\" decoding=\"async\" class=\"aligncenter  wp-image-1027\" src=\"https:\/\/www.arhivtk.ba\/wp-content\/uploads\/2015\/09\/plakat-tribina-727x1024.jpg\" alt=\"plakat tribina\" width=\"524\" height=\"738\" srcset=\"https:\/\/www.arhivtk.ba\/wp-content\/uploads\/2015\/09\/plakat-tribina-727x1024.jpg 727w, https:\/\/www.arhivtk.ba\/wp-content\/uploads\/2015\/09\/plakat-tribina-213x300.jpg 213w, https:\/\/www.arhivtk.ba\/wp-content\/uploads\/2015\/09\/plakat-tribina-1080x1521.jpg 1080w, https:\/\/www.arhivtk.ba\/wp-content\/uploads\/2015\/09\/plakat-tribina.jpg 2000w\" sizes=\"auto, (max-width: 524px) 100vw, 524px\" \/><\/a><\/p>\n<p style=\"text-align: justify;\">\n","protected":false},"excerpt":{"rendered":"<p>Odsjek za historiju Filozofskog fakulteta u Tuzli u saradnji sa Arhivom Tuzlanskog kantona, Muzejom isto\u010dne Bosne, Zavodom za za\u0161titu i kori\u0161tenje kulturno-historijskog i prirodnog naslije\u0111a TK povodom 23. septembra, Me\u0111unarodnog&hellip;<\/p>\n","protected":false},"author":1,"featured_media":0,"comment_status":"closed","ping_status":"closed","sticky":false,"template":"","format":"standard","meta":{"footnotes":""},"categories":[1],"tags":[],"class_list":["post-1024","post","type-post","status-publish","format-standard","hentry","category-novosti"],"_links":{"self":[{"href":"https:\/\/www.arhivtk.ba\/index.php?rest_route=\/wp\/v2\/posts\/1024","targetHints":{"allow":["GET"]}}],"collection":[{"href":"https:\/\/www.arhivtk.ba\/index.php?rest_route=\/wp\/v2\/posts"}],"about":[{"href":"https:\/\/www.arhivtk.ba\/index.php?rest_route=\/wp\/v2\/types\/post"}],"author":[{"embeddable":true,"href":"https:\/\/www.arhivtk.ba\/index.php?rest_route=\/wp\/v2\/users\/1"}],"replies":[{"embeddable":true,"href":"https:\/\/www.arhivtk.ba\/index.php?rest_route=%2Fwp%2Fv2%2Fcomments&post=1024"}],"version-history":[{"count":3,"href":"https:\/\/www.arhivtk.ba\/index.php?rest_route=\/wp\/v2\/posts\/1024\/revisions"}],"predecessor-version":[{"id":1028,"href":"https:\/\/www.arhivtk.ba\/index.php?rest_route=\/wp\/v2\/posts\/1024\/revisions\/1028"}],"wp:attachment":[{"href":"https:\/\/www.arhivtk.ba\/index.php?rest_route=%2Fwp%2Fv2%2Fmedia&parent=1024"}],"wp:term":[{"taxonomy":"category","embeddable":true,"href":"https:\/\/www.arhivtk.ba\/index.php?rest_route=%2Fwp%2Fv2%2Fcategories&post=1024"},{"taxonomy":"post_tag","embeddable":true,"href":"https:\/\/www.arhivtk.ba\/index.php?rest_route=%2Fwp%2Fv2%2Ftags&post=1024"}],"curies":[{"name":"wp","href":"https:\/\/api.w.org\/{rel}","templated":true}]}}