{"id":1029,"date":"2015-09-21T14:03:36","date_gmt":"2015-09-21T12:03:36","guid":{"rendered":"http:\/\/www.arhivtk.ba\/?p=1029"},"modified":"2015-09-23T15:51:29","modified_gmt":"2015-09-23T13:51:29","slug":"odrzan-naucni-skup-zivot-i-djelo-dr-sc-stjepana-srsana","status":"publish","type":"post","link":"https:\/\/www.arhivtk.ba\/?p=1029","title":{"rendered":"Odr\u017ean nau\u010dni skup &#8220;\u017divot i djelo dr. sc. Stjepana Sr\u0161ana&#8221;"},"content":{"rendered":"<p style=\"text-align: justify;\">U Osijeku je\u00a016. i 17. septembra 2015. godine odr\u017ean znanstveni skup &#8220;\u017divot i djelo dr. sc. Stjepana Sr\u0161ana&#8221; u Institutu Ivo Pilar. Ispred Arhiva TK skupu je prisustvovao direktor mr. sc. Omer Zuli\u0107, koji je porodici pokojnog Stjepana Sr\u0161ana uru\u010dio Zahvalnicu &#8211; posthumno &#8211; na ime Dr. sc. Stjepan Sr\u0161an. Iz BiH je skupu prisustvovao i prof. dr. Izet \u0160aboti\u0107, u ime Filozofskog fakulteta Univerziteta u Tuzli sa izlaganjem na temu <span class=\"Apple-style-span\">&#8220;<em>Doprinos\u00a0dr.\u00a0sc.\u00a0Stjepana\u00a0Sr\u0161ana\u00a0uspostavi\u00a0me\u0111uarhivske\u00a0saradnje\u00a0s\u00a0Arhivom u\u00a0Tuzl<\/em><\/span><em>u<\/em>&#8220;.<\/p>\n<p style=\"text-align: justify;\">\n<p><a href=\"https:\/\/www.arhivtk.ba\/wp-content\/uploads\/2015\/09\/P9164498.jpg\"><img loading=\"lazy\" decoding=\"async\" class=\"aligncenter wp-image-1032\" src=\"https:\/\/www.arhivtk.ba\/wp-content\/uploads\/2015\/09\/P9164498-1024x768.jpg\" alt=\"P9164498\" width=\"494\" height=\"371\" srcset=\"https:\/\/www.arhivtk.ba\/wp-content\/uploads\/2015\/09\/P9164498-1024x768.jpg 1024w, https:\/\/www.arhivtk.ba\/wp-content\/uploads\/2015\/09\/P9164498-300x225.jpg 300w, https:\/\/www.arhivtk.ba\/wp-content\/uploads\/2015\/09\/P9164498-1080x810.jpg 1080w\" sizes=\"auto, (max-width: 494px) 100vw, 494px\" \/><\/a> <a href=\"https:\/\/www.arhivtk.ba\/wp-content\/uploads\/2015\/09\/P9164497.jpg\"><img loading=\"lazy\" decoding=\"async\" class=\"aligncenter wp-image-1033\" src=\"https:\/\/www.arhivtk.ba\/wp-content\/uploads\/2015\/09\/P9164497-1024x768.jpg\" alt=\"P9164497\" width=\"490\" height=\"368\" srcset=\"https:\/\/www.arhivtk.ba\/wp-content\/uploads\/2015\/09\/P9164497-1024x768.jpg 1024w, https:\/\/www.arhivtk.ba\/wp-content\/uploads\/2015\/09\/P9164497-300x225.jpg 300w, https:\/\/www.arhivtk.ba\/wp-content\/uploads\/2015\/09\/P9164497-1080x810.jpg 1080w\" sizes=\"auto, (max-width: 490px) 100vw, 490px\" \/><\/a> <a href=\"https:\/\/www.arhivtk.ba\/wp-content\/uploads\/2015\/09\/P9164495.jpg\"><img loading=\"lazy\" decoding=\"async\" class=\"aligncenter wp-image-1034 \" src=\"https:\/\/www.arhivtk.ba\/wp-content\/uploads\/2015\/09\/P9164495-e1442837636151-768x1024.jpg\" alt=\"P9164495\" width=\"487\" height=\"650\" srcset=\"https:\/\/www.arhivtk.ba\/wp-content\/uploads\/2015\/09\/P9164495-e1442837636151-768x1024.jpg 768w, https:\/\/www.arhivtk.ba\/wp-content\/uploads\/2015\/09\/P9164495-e1442837636151-225x300.jpg 225w, https:\/\/www.arhivtk.ba\/wp-content\/uploads\/2015\/09\/P9164495-e1442837636151-1080x1440.jpg 1080w\" sizes=\"auto, (max-width: 487px) 100vw, 487px\" \/><\/a><\/p>\n<p><a href=\"https:\/\/www.arhivtk.ba\/wp-content\/uploads\/2015\/09\/P91645561.jpg\"><img loading=\"lazy\" decoding=\"async\" class=\"aligncenter wp-image-1059 \" src=\"https:\/\/www.arhivtk.ba\/wp-content\/uploads\/2015\/09\/P91645561-e1443016200190-768x1024.jpg\" alt=\"P9164556(1)\" width=\"485\" height=\"647\" srcset=\"https:\/\/www.arhivtk.ba\/wp-content\/uploads\/2015\/09\/P91645561-e1443016200190-768x1024.jpg 768w, https:\/\/www.arhivtk.ba\/wp-content\/uploads\/2015\/09\/P91645561-e1443016200190-225x300.jpg 225w, https:\/\/www.arhivtk.ba\/wp-content\/uploads\/2015\/09\/P91645561-e1443016200190-1080x1440.jpg 1080w\" sizes=\"auto, (max-width: 485px) 100vw, 485px\" \/><\/a><\/p>\n<p>&nbsp;<\/p>\n","protected":false},"excerpt":{"rendered":"<p>U Osijeku je\u00a016. i 17. septembra 2015. godine odr\u017ean znanstveni skup &#8220;\u017divot i djelo dr. sc. Stjepana Sr\u0161ana&#8221; u Institutu Ivo Pilar. Ispred Arhiva TK skupu je prisustvovao direktor mr.&hellip;<\/p>\n","protected":false},"author":1,"featured_media":0,"comment_status":"closed","ping_status":"closed","sticky":false,"template":"","format":"standard","meta":{"footnotes":""},"categories":[1],"tags":[],"class_list":["post-1029","post","type-post","status-publish","format-standard","hentry","category-novosti"],"_links":{"self":[{"href":"https:\/\/www.arhivtk.ba\/index.php?rest_route=\/wp\/v2\/posts\/1029","targetHints":{"allow":["GET"]}}],"collection":[{"href":"https:\/\/www.arhivtk.ba\/index.php?rest_route=\/wp\/v2\/posts"}],"about":[{"href":"https:\/\/www.arhivtk.ba\/index.php?rest_route=\/wp\/v2\/types\/post"}],"author":[{"embeddable":true,"href":"https:\/\/www.arhivtk.ba\/index.php?rest_route=\/wp\/v2\/users\/1"}],"replies":[{"embeddable":true,"href":"https:\/\/www.arhivtk.ba\/index.php?rest_route=%2Fwp%2Fv2%2Fcomments&post=1029"}],"version-history":[{"count":6,"href":"https:\/\/www.arhivtk.ba\/index.php?rest_route=\/wp\/v2\/posts\/1029\/revisions"}],"predecessor-version":[{"id":1062,"href":"https:\/\/www.arhivtk.ba\/index.php?rest_route=\/wp\/v2\/posts\/1029\/revisions\/1062"}],"wp:attachment":[{"href":"https:\/\/www.arhivtk.ba\/index.php?rest_route=%2Fwp%2Fv2%2Fmedia&parent=1029"}],"wp:term":[{"taxonomy":"category","embeddable":true,"href":"https:\/\/www.arhivtk.ba\/index.php?rest_route=%2Fwp%2Fv2%2Fcategories&post=1029"},{"taxonomy":"post_tag","embeddable":true,"href":"https:\/\/www.arhivtk.ba\/index.php?rest_route=%2Fwp%2Fv2%2Ftags&post=1029"}],"curies":[{"name":"wp","href":"https:\/\/api.w.org\/{rel}","templated":true}]}}