{"id":1157,"date":"2015-12-03T15:43:04","date_gmt":"2015-12-03T14:43:04","guid":{"rendered":"http:\/\/www.arhivtk.ba\/?p=1157"},"modified":"2015-12-05T17:50:54","modified_gmt":"2015-12-05T16:50:54","slug":"najava-okruglog-stola-memoarska-grada-i-usmena-predaja-znacaj-za-naucna-istrazivanja","status":"publish","type":"post","link":"https:\/\/www.arhivtk.ba\/?p=1157","title":{"rendered":"Najava okruglog stola &#8220;Memoarska gra\u0111a i usmena predaja &#8211; zna\u010daj za nau\u010dna istra\u017eivanja&#8221;"},"content":{"rendered":"<p style=\"text-align: justify;\">JU Arhiv Tuzlanskog kantona Tuzla i Dru\u0161tvo arhivskih zaposlenika Tuzlanskog kantona Tuzla organiziraju okrugli sto &#8220;Memoarska gra\u0111a i usmena predaja &#8211; zna\u010daj za nau\u010dna istra\u017eivanja&#8221;. Isti \u0107e se odr\u017eati 15. decembra 2015. godine, u JU Bosanskom kulturnom centru Tuzla (Plava sala), ulica Muje Kero\u0161evi\u0107a Guje br. 3, sa po\u010detkom u 10 sati.<\/p>\n<p style=\"text-align: justify;\">U\u010desnici okruglog stola su prof. dr. Mirsad Kuni\u0107, prof. dr. Sead Selimovi\u0107, prof. dr. Izet \u0160aboti\u0107, mr.sc. Me\u0161a Bajri\u0107, dr. sc. Omer Hamzi\u0107, mr. sc. Omer Zuli\u0107 i Hatid\u017ea Fetahagi\u0107. U radu okruglog stola u\u010de\u0161\u0107e \u0107e uzeti i kolege iz arhiva Republike Hrvatske, Republike Srbije i Bosne i Hercegovine.<\/p>\n<p>Realizaciju okruglog stola finansijski su podr\u017eali Ministarstvo civilnih poslova Bosne i Hercegovine i Federalno ministarstvo obrazovanja i nauke.<\/p>\n<p>&nbsp;<\/p>\n<p><a href=\"https:\/\/www.arhivtk.ba\/wp-content\/uploads\/2015\/12\/plakat_001.png\"><img loading=\"lazy\" decoding=\"async\" class=\"aligncenter wp-image-1158\" src=\"https:\/\/www.arhivtk.ba\/wp-content\/uploads\/2015\/12\/plakat_001-724x1024.png\" alt=\"plakat_001\" width=\"541\" height=\"765\" srcset=\"https:\/\/www.arhivtk.ba\/wp-content\/uploads\/2015\/12\/plakat_001-724x1024.png 724w, https:\/\/www.arhivtk.ba\/wp-content\/uploads\/2015\/12\/plakat_001-212x300.png 212w, https:\/\/www.arhivtk.ba\/wp-content\/uploads\/2015\/12\/plakat_001-1080x1527.png 1080w, https:\/\/www.arhivtk.ba\/wp-content\/uploads\/2015\/12\/plakat_001.png 1500w\" sizes=\"auto, (max-width: 541px) 100vw, 541px\" \/><\/a><\/p>\n","protected":false},"excerpt":{"rendered":"<p>JU Arhiv Tuzlanskog kantona Tuzla i Dru\u0161tvo arhivskih zaposlenika Tuzlanskog kantona Tuzla organiziraju okrugli sto &#8220;Memoarska gra\u0111a i usmena predaja &#8211; zna\u010daj za nau\u010dna istra\u017eivanja&#8221;. Isti \u0107e se odr\u017eati 15.&hellip;<\/p>\n","protected":false},"author":1,"featured_media":0,"comment_status":"closed","ping_status":"closed","sticky":false,"template":"","format":"standard","meta":{"footnotes":""},"categories":[1],"tags":[],"class_list":["post-1157","post","type-post","status-publish","format-standard","hentry","category-novosti"],"_links":{"self":[{"href":"https:\/\/www.arhivtk.ba\/index.php?rest_route=\/wp\/v2\/posts\/1157","targetHints":{"allow":["GET"]}}],"collection":[{"href":"https:\/\/www.arhivtk.ba\/index.php?rest_route=\/wp\/v2\/posts"}],"about":[{"href":"https:\/\/www.arhivtk.ba\/index.php?rest_route=\/wp\/v2\/types\/post"}],"author":[{"embeddable":true,"href":"https:\/\/www.arhivtk.ba\/index.php?rest_route=\/wp\/v2\/users\/1"}],"replies":[{"embeddable":true,"href":"https:\/\/www.arhivtk.ba\/index.php?rest_route=%2Fwp%2Fv2%2Fcomments&post=1157"}],"version-history":[{"count":2,"href":"https:\/\/www.arhivtk.ba\/index.php?rest_route=\/wp\/v2\/posts\/1157\/revisions"}],"predecessor-version":[{"id":1160,"href":"https:\/\/www.arhivtk.ba\/index.php?rest_route=\/wp\/v2\/posts\/1157\/revisions\/1160"}],"wp:attachment":[{"href":"https:\/\/www.arhivtk.ba\/index.php?rest_route=%2Fwp%2Fv2%2Fmedia&parent=1157"}],"wp:term":[{"taxonomy":"category","embeddable":true,"href":"https:\/\/www.arhivtk.ba\/index.php?rest_route=%2Fwp%2Fv2%2Fcategories&post=1157"},{"taxonomy":"post_tag","embeddable":true,"href":"https:\/\/www.arhivtk.ba\/index.php?rest_route=%2Fwp%2Fv2%2Ftags&post=1157"}],"curies":[{"name":"wp","href":"https:\/\/api.w.org\/{rel}","templated":true}]}}