{"id":1384,"date":"2016-03-23T15:25:20","date_gmt":"2016-03-23T14:25:20","guid":{"rendered":"http:\/\/www.arhivtk.ba\/?p=1384"},"modified":"2016-03-23T15:29:24","modified_gmt":"2016-03-23T14:29:24","slug":"promocija-projekta-gracanicki-glasnik-1996-2016","status":"publish","type":"post","link":"https:\/\/www.arhivtk.ba\/?p=1384","title":{"rendered":"Promocija projekta &#8220;Gra\u010dani\u010dki glasnik (1996-2016.)&#8221;"},"content":{"rendered":"<div data-contents=\"true\">\n<div class=\"\" data-offset-key=\"dake4-0-0\" data-editor=\"4h0vj\" data-block=\"true\">\n<div class=\"_1mf _1mj\" style=\"text-align: justify;\" data-offset-key=\"dake4-0-0\"><span data-offset-key=\"dake4-0-0\"><span data-text=\"true\">Filozofski fakultet Univerziteta u Tuzli, Arhiv Tuzlanskog kantona Tuzla i Dru\u0161tvo arhivskih zaposlenika Tuzlanskog kantona povodom jubileja 20 godina izdavanja i 40 brojeva \u010dasopisa \u201cGra\u010dani\u010dki glasnik\u201d organizirali su 23. marta 2016. godine u 13 h, u Amfiteatru A2 (Filozofski fakultet Univerziteta u Tuzli, Ul. Tihomila Markovi\u0107a 1) promociju projekta \u201cGra\u010dani\u010dki glasnik\u201d (1996 \u2013 2016.).<\/span><\/span><\/div>\n<\/div>\n<div class=\"\" style=\"text-align: justify;\" data-offset-key=\"8mblp-0-0\" data-editor=\"4h0vj\" data-block=\"true\">\n<div class=\"_1mf _1mj\" data-offset-key=\"8mblp-0-0\"><span data-offset-key=\"8mblp-0-0\">\u00a0<\/span><\/div>\n<\/div>\n<div class=\"\" style=\"text-align: justify;\" data-offset-key=\"7fukt-0-0\" data-editor=\"4h0vj\" data-block=\"true\">\n<div class=\"_1mf _1mj\" data-offset-key=\"ueeh-0-0\"><span data-offset-key=\"ueeh-0-0\"><span data-text=\"true\">Promotori su bili prof. dr. Izet \u0160aboti\u0107, prof. dr. Mirsad Kuni\u0107 i doc. dr. Omer Hamzi\u0107, a moderator mr. sc. Omer Zuli\u0107.<\/span><\/span><\/div>\n<\/div>\n<\/div>\n<div class=\"_1mf _1mj\" data-offset-key=\"ueeh-0-0\"><\/div>\n<div data-contents=\"true\">\n<div class=\"_1mf _1mj\" data-offset-key=\"ueeh-0-0\">Fotografije sa promocije mo\u017eete pogledati <a href=\"https:\/\/www.facebook.com\/media\/set\/?set=a.760270164005221.1073741879.498899366808970&amp;type=3\" target=\"_blank\">ovdje<\/a>.<\/div>\n<div class=\"\" data-offset-key=\"3vn9n-0-0\" data-editor=\"4h0vj\" data-block=\"true\">\n<div class=\"_1mf _1mj\" style=\"text-align: justify;\" data-offset-key=\"3vn9n-0-0\"><span data-offset-key=\"3vn9n-0-0\">\u00a0<\/span><\/div>\n<\/div>\n<\/div>\n","protected":false},"excerpt":{"rendered":"<p>Filozofski fakultet Univerziteta u Tuzli, Arhiv Tuzlanskog kantona Tuzla i Dru\u0161tvo arhivskih zaposlenika Tuzlanskog kantona povodom jubileja 20 godina izdavanja i 40 brojeva \u010dasopisa \u201cGra\u010dani\u010dki glasnik\u201d organizirali su 23. marta&hellip;<\/p>\n","protected":false},"author":1,"featured_media":0,"comment_status":"closed","ping_status":"closed","sticky":false,"template":"","format":"standard","meta":{"footnotes":""},"categories":[1],"tags":[],"class_list":["post-1384","post","type-post","status-publish","format-standard","hentry","category-novosti"],"_links":{"self":[{"href":"https:\/\/www.arhivtk.ba\/index.php?rest_route=\/wp\/v2\/posts\/1384","targetHints":{"allow":["GET"]}}],"collection":[{"href":"https:\/\/www.arhivtk.ba\/index.php?rest_route=\/wp\/v2\/posts"}],"about":[{"href":"https:\/\/www.arhivtk.ba\/index.php?rest_route=\/wp\/v2\/types\/post"}],"author":[{"embeddable":true,"href":"https:\/\/www.arhivtk.ba\/index.php?rest_route=\/wp\/v2\/users\/1"}],"replies":[{"embeddable":true,"href":"https:\/\/www.arhivtk.ba\/index.php?rest_route=%2Fwp%2Fv2%2Fcomments&post=1384"}],"version-history":[{"count":3,"href":"https:\/\/www.arhivtk.ba\/index.php?rest_route=\/wp\/v2\/posts\/1384\/revisions"}],"predecessor-version":[{"id":1387,"href":"https:\/\/www.arhivtk.ba\/index.php?rest_route=\/wp\/v2\/posts\/1384\/revisions\/1387"}],"wp:attachment":[{"href":"https:\/\/www.arhivtk.ba\/index.php?rest_route=%2Fwp%2Fv2%2Fmedia&parent=1384"}],"wp:term":[{"taxonomy":"category","embeddable":true,"href":"https:\/\/www.arhivtk.ba\/index.php?rest_route=%2Fwp%2Fv2%2Fcategories&post=1384"},{"taxonomy":"post_tag","embeddable":true,"href":"https:\/\/www.arhivtk.ba\/index.php?rest_route=%2Fwp%2Fv2%2Ftags&post=1384"}],"curies":[{"name":"wp","href":"https:\/\/api.w.org\/{rel}","templated":true}]}}