{"id":1468,"date":"2016-05-04T10:57:08","date_gmt":"2016-05-04T08:57:08","guid":{"rendered":"http:\/\/www.arhivtk.ba\/?p=1468"},"modified":"2016-05-11T09:03:29","modified_gmt":"2016-05-11T07:03:29","slug":"najava-medunarodnog-okruglog-stola-arhivi-i-trziste","status":"publish","type":"post","link":"https:\/\/www.arhivtk.ba\/?p=1468","title":{"rendered":"Najava Me\u0111unarodnog okruglog stola &#8220;Arhivi i tr\u017ei\u0161te&#8221;"},"content":{"rendered":"<p style=\"text-align: justify;\">U organizaciji Arhivisti\u010dkog udru\u017eenja Bosne i Hercegovine, Arhivskog dru\u0161tva Slovenije,\u00a0 Hrvatskog arhivisti\u010dkog dru\u0161tva i Dru\u0161tva arhivskih radnika Vojvodine 12. i 13. maja 2016. godine u Hotelu &#8220;Senad od Bosne&#8221; (Jezero Modrac &#8211; Lukavac) biti \u0107e uprili\u010den Me\u0111unarodni okrugli sto arhivista Bosne i Hercegovine, Slovenije, Hrvatske i Vojvodine, na temu &#8220;ARHIVI I TR\u017dI\u0160TE&#8221;.<\/p>\n<p style=\"text-align: justify;\">Doma\u0107ini okruglog stola su JU Arhiv Tuzlanskog kantona Tuzla i Dru\u0161tvo arhivskih zaposlenika TK.<\/p>\n<p style=\"text-align: justify;\">Program okruglog stola mo\u017eete pogledati <a href=\"http:\/\/www.arhubih.ba\/wp-content\/uploads\/2016\/05\/Me%C4%91unarodni-okrugli-stol-2016-PROGRAM-1.pdf\" target=\"_blank\">ovdje<\/a>.<\/p>\n<p>&nbsp;<\/p>\n<p><a href=\"https:\/\/www.arhivtk.ba\/wp-content\/uploads\/2016\/05\/arhiviitrziste.png\"><img loading=\"lazy\" decoding=\"async\" class=\"aligncenter wp-image-1473\" src=\"https:\/\/www.arhivtk.ba\/wp-content\/uploads\/2016\/05\/arhiviitrziste.png\" alt=\"arhiviitrziste\" width=\"464\" height=\"650\" srcset=\"https:\/\/www.arhivtk.ba\/wp-content\/uploads\/2016\/05\/arhiviitrziste.png 447w, https:\/\/www.arhivtk.ba\/wp-content\/uploads\/2016\/05\/arhiviitrziste-214x300.png 214w\" sizes=\"auto, (max-width: 464px) 100vw, 464px\" \/><\/a><\/p>\n","protected":false},"excerpt":{"rendered":"<p>U organizaciji Arhivisti\u010dkog udru\u017eenja Bosne i Hercegovine, Arhivskog dru\u0161tva Slovenije,\u00a0 Hrvatskog arhivisti\u010dkog dru\u0161tva i Dru\u0161tva arhivskih radnika Vojvodine 12. i 13. maja 2016. godine u Hotelu &#8220;Senad od Bosne&#8221; (Jezero&hellip;<\/p>\n","protected":false},"author":1,"featured_media":0,"comment_status":"closed","ping_status":"closed","sticky":false,"template":"","format":"standard","meta":{"footnotes":""},"categories":[1],"tags":[],"class_list":["post-1468","post","type-post","status-publish","format-standard","hentry","category-novosti"],"_links":{"self":[{"href":"https:\/\/www.arhivtk.ba\/index.php?rest_route=\/wp\/v2\/posts\/1468","targetHints":{"allow":["GET"]}}],"collection":[{"href":"https:\/\/www.arhivtk.ba\/index.php?rest_route=\/wp\/v2\/posts"}],"about":[{"href":"https:\/\/www.arhivtk.ba\/index.php?rest_route=\/wp\/v2\/types\/post"}],"author":[{"embeddable":true,"href":"https:\/\/www.arhivtk.ba\/index.php?rest_route=\/wp\/v2\/users\/1"}],"replies":[{"embeddable":true,"href":"https:\/\/www.arhivtk.ba\/index.php?rest_route=%2Fwp%2Fv2%2Fcomments&post=1468"}],"version-history":[{"count":4,"href":"https:\/\/www.arhivtk.ba\/index.php?rest_route=\/wp\/v2\/posts\/1468\/revisions"}],"predecessor-version":[{"id":1484,"href":"https:\/\/www.arhivtk.ba\/index.php?rest_route=\/wp\/v2\/posts\/1468\/revisions\/1484"}],"wp:attachment":[{"href":"https:\/\/www.arhivtk.ba\/index.php?rest_route=%2Fwp%2Fv2%2Fmedia&parent=1468"}],"wp:term":[{"taxonomy":"category","embeddable":true,"href":"https:\/\/www.arhivtk.ba\/index.php?rest_route=%2Fwp%2Fv2%2Fcategories&post=1468"},{"taxonomy":"post_tag","embeddable":true,"href":"https:\/\/www.arhivtk.ba\/index.php?rest_route=%2Fwp%2Fv2%2Ftags&post=1468"}],"curies":[{"name":"wp","href":"https:\/\/api.w.org\/{rel}","templated":true}]}}