{"id":1486,"date":"2016-05-11T14:17:47","date_gmt":"2016-05-11T12:17:47","guid":{"rendered":"http:\/\/www.arhivtk.ba\/?p=1486"},"modified":"2016-05-11T14:17:47","modified_gmt":"2016-05-11T12:17:47","slug":"odrzana-press-konferencija-povodom-okruglog-stola-arhivi-i-trziste","status":"publish","type":"post","link":"https:\/\/www.arhivtk.ba\/?p=1486","title":{"rendered":"Odr\u017eana press konferencija povodom Okruglog stola &#8220;Arhivi i tr\u017ei\u0161te&#8221;"},"content":{"rendered":"<p style=\"text-align: justify;\">Press konferencija odr\u017eana je povodom Me\u0111unarodnog okruglog stola &#8220;Arhivi i tr\u017ei\u0161te&#8221;. Isti \u0107e biti uprili\u010den u organizaciji Arhivisti\u010dkog udru\u017eenja Bosne i Hercegovine, Arhivskog dru\u0161tva Slovenije, Hrvatskog arhivisti\u010dkog dru\u0161tva i Dru\u0161tva arhivskih radnika Vojvodine 12. i 13. maja 2016. godine u Hotelu \u201cSenad od Bosne\u201d (Jezero Modrac \u2013 Lukavac) na temu \u201cARHIVI I TR\u017dI\u0160TE\u201d.<\/p>\n<p style=\"text-align: justify;\">Doma\u0107ini okruglog stola su JU Arhiv Tuzlanskog kantona Tuzla i Dru\u0161tvo arhivskih zaposlenika TK.<\/p>\n<p style=\"text-align: justify;\">Fotografije sa press konferencije mo\u017eete pogledati <a href=\"https:\/\/www.facebook.com\/media\/set\/?set=a.780643438634560.1073741882.498899366808970&amp;type=3\">ovdje<\/a>.<\/p>\n","protected":false},"excerpt":{"rendered":"<p>Press konferencija odr\u017eana je povodom Me\u0111unarodnog okruglog stola &#8220;Arhivi i tr\u017ei\u0161te&#8221;. Isti \u0107e biti uprili\u010den u organizaciji Arhivisti\u010dkog udru\u017eenja Bosne i Hercegovine, Arhivskog dru\u0161tva Slovenije, Hrvatskog arhivisti\u010dkog dru\u0161tva i Dru\u0161tva&hellip;<\/p>\n","protected":false},"author":1,"featured_media":0,"comment_status":"closed","ping_status":"closed","sticky":false,"template":"","format":"standard","meta":{"footnotes":""},"categories":[1],"tags":[],"class_list":["post-1486","post","type-post","status-publish","format-standard","hentry","category-novosti"],"_links":{"self":[{"href":"https:\/\/www.arhivtk.ba\/index.php?rest_route=\/wp\/v2\/posts\/1486","targetHints":{"allow":["GET"]}}],"collection":[{"href":"https:\/\/www.arhivtk.ba\/index.php?rest_route=\/wp\/v2\/posts"}],"about":[{"href":"https:\/\/www.arhivtk.ba\/index.php?rest_route=\/wp\/v2\/types\/post"}],"author":[{"embeddable":true,"href":"https:\/\/www.arhivtk.ba\/index.php?rest_route=\/wp\/v2\/users\/1"}],"replies":[{"embeddable":true,"href":"https:\/\/www.arhivtk.ba\/index.php?rest_route=%2Fwp%2Fv2%2Fcomments&post=1486"}],"version-history":[{"count":1,"href":"https:\/\/www.arhivtk.ba\/index.php?rest_route=\/wp\/v2\/posts\/1486\/revisions"}],"predecessor-version":[{"id":1487,"href":"https:\/\/www.arhivtk.ba\/index.php?rest_route=\/wp\/v2\/posts\/1486\/revisions\/1487"}],"wp:attachment":[{"href":"https:\/\/www.arhivtk.ba\/index.php?rest_route=%2Fwp%2Fv2%2Fmedia&parent=1486"}],"wp:term":[{"taxonomy":"category","embeddable":true,"href":"https:\/\/www.arhivtk.ba\/index.php?rest_route=%2Fwp%2Fv2%2Fcategories&post=1486"},{"taxonomy":"post_tag","embeddable":true,"href":"https:\/\/www.arhivtk.ba\/index.php?rest_route=%2Fwp%2Fv2%2Ftags&post=1486"}],"curies":[{"name":"wp","href":"https:\/\/api.w.org\/{rel}","templated":true}]}}