{"id":1796,"date":"2016-11-17T13:58:25","date_gmt":"2016-11-17T12:58:25","guid":{"rendered":"http:\/\/www.arhivtk.ba\/?p=1796"},"modified":"2016-11-17T14:01:10","modified_gmt":"2016-11-17T13:01:10","slug":"postavka-izlozbe-historijska-pruga-kroz-historijske-izvore-70-godina-pruge-brcko-banovici-u-bkc-u-tuzla","status":"publish","type":"post","link":"https:\/\/www.arhivtk.ba\/?p=1796","title":{"rendered":"Postavka izlo\u017ebe &#8220;Historijska pruga kroz historijske izvore-70 godina pruge Br\u010dko-Banovi\u0107i&#8221; u BKC-u Tuzla"},"content":{"rendered":"<p style=\"text-align: justify;\">\u00a0U okviru obilje\u017eavanja 70 godi\u0161njice izgradnje pruge Br\u010dko-Banovi\u0107i, uprili\u0107ena je postavka izlo\u017ebe &#8220;Historijska pruga kroz historijske izvore &#8211; 70 godina pruge Br\u010dko &#8211; Banovi\u0107i&#8221; u galerijskom prostoru Bosanskog kulturnog centra Tuzla. Naime, navedena izlo\u017eba je u okviru manifestacije obilje\u017eavanja postavljena u Banovi\u0107ima i Br\u010dkom. Svi zainteresirani gra\u0111ani koji do sada nisu imali mogu\u0107nost i priliku da pogledaju navedenu izlo\u017ebu, istu mogu pogledati u prostorijama BKC-a Tuzla, do 21. novembra 2016. godine.<\/p>\n<p style=\"text-align: justify;\">\n<p style=\"text-align: justify;\"><a href=\"https:\/\/www.arhivtk.ba\/wp-content\/uploads\/2016\/10\/plakat-arhivske-izlozbe.jpg\"><img loading=\"lazy\" decoding=\"async\" class=\"aligncenter size-full wp-image-1748\" src=\"https:\/\/www.arhivtk.ba\/wp-content\/uploads\/2016\/10\/plakat-arhivske-izlozbe.jpg\" alt=\"plakat-arhivske-izlozbe\" width=\"2000\" height=\"2658\" srcset=\"https:\/\/www.arhivtk.ba\/wp-content\/uploads\/2016\/10\/plakat-arhivske-izlozbe.jpg 2000w, https:\/\/www.arhivtk.ba\/wp-content\/uploads\/2016\/10\/plakat-arhivske-izlozbe-226x300.jpg 226w, https:\/\/www.arhivtk.ba\/wp-content\/uploads\/2016\/10\/plakat-arhivske-izlozbe-768x1021.jpg 768w, https:\/\/www.arhivtk.ba\/wp-content\/uploads\/2016\/10\/plakat-arhivske-izlozbe-771x1024.jpg 771w, https:\/\/www.arhivtk.ba\/wp-content\/uploads\/2016\/10\/plakat-arhivske-izlozbe-1080x1435.jpg 1080w\" sizes=\"auto, (max-width: 2000px) 100vw, 2000px\" \/><\/a><\/p>\n","protected":false},"excerpt":{"rendered":"<p>\u00a0U okviru obilje\u017eavanja 70 godi\u0161njice izgradnje pruge Br\u010dko-Banovi\u0107i, uprili\u0107ena je postavka izlo\u017ebe &#8220;Historijska pruga kroz historijske izvore &#8211; 70 godina pruge Br\u010dko &#8211; Banovi\u0107i&#8221; u galerijskom prostoru Bosanskog kulturnog centra&hellip;<\/p>\n","protected":false},"author":1,"featured_media":0,"comment_status":"closed","ping_status":"closed","sticky":false,"template":"","format":"standard","meta":{"footnotes":""},"categories":[1],"tags":[],"class_list":["post-1796","post","type-post","status-publish","format-standard","hentry","category-novosti"],"_links":{"self":[{"href":"https:\/\/www.arhivtk.ba\/index.php?rest_route=\/wp\/v2\/posts\/1796","targetHints":{"allow":["GET"]}}],"collection":[{"href":"https:\/\/www.arhivtk.ba\/index.php?rest_route=\/wp\/v2\/posts"}],"about":[{"href":"https:\/\/www.arhivtk.ba\/index.php?rest_route=\/wp\/v2\/types\/post"}],"author":[{"embeddable":true,"href":"https:\/\/www.arhivtk.ba\/index.php?rest_route=\/wp\/v2\/users\/1"}],"replies":[{"embeddable":true,"href":"https:\/\/www.arhivtk.ba\/index.php?rest_route=%2Fwp%2Fv2%2Fcomments&post=1796"}],"version-history":[{"count":4,"href":"https:\/\/www.arhivtk.ba\/index.php?rest_route=\/wp\/v2\/posts\/1796\/revisions"}],"predecessor-version":[{"id":1800,"href":"https:\/\/www.arhivtk.ba\/index.php?rest_route=\/wp\/v2\/posts\/1796\/revisions\/1800"}],"wp:attachment":[{"href":"https:\/\/www.arhivtk.ba\/index.php?rest_route=%2Fwp%2Fv2%2Fmedia&parent=1796"}],"wp:term":[{"taxonomy":"category","embeddable":true,"href":"https:\/\/www.arhivtk.ba\/index.php?rest_route=%2Fwp%2Fv2%2Fcategories&post=1796"},{"taxonomy":"post_tag","embeddable":true,"href":"https:\/\/www.arhivtk.ba\/index.php?rest_route=%2Fwp%2Fv2%2Ftags&post=1796"}],"curies":[{"name":"wp","href":"https:\/\/api.w.org\/{rel}","templated":true}]}}