{"id":1873,"date":"2016-12-14T17:43:38","date_gmt":"2016-12-14T16:43:38","guid":{"rendered":"http:\/\/www.arhivtk.ba\/?p=1873"},"modified":"2016-12-15T17:18:50","modified_gmt":"2016-12-15T16:18:50","slug":"obiljezen-69-dan-arhiva-i-arhivske-sluzbe-bosne-i-hercegovine","status":"publish","type":"post","link":"https:\/\/www.arhivtk.ba\/?p=1873","title":{"rendered":"Obilje\u017eena 69. godi\u0161njica Arhiva i arhivske slu\u017ebe Bosne i Hercegovine"},"content":{"rendered":"<p><strong>12.12.2016. godine<\/strong><\/p>\n<p>Arhiv Bosne i Hercegovine i Arhivisti\u010dko udru\u017eenje Bosne i Hercegovine organizirali su Sve\u010danu akademiju u povodu obilje\u017eavanja 69. godi\u0161njice Arhiva i arhivske slu\u017ebe Bosne i Hercegovine. Ista je odr\u017eana u Domu oru\u017eanih snaga BiH u 19 sati. Nakon Sve\u010dane akademije uprili\u010deno je otvaranje izlo\u017ebe &#8220;Iz zbirke matrica i pe\u010data Arhiva Bosne i Hercegovine&#8221;.<\/p>\n<p><strong>13.12.2016. godine<\/strong><\/p>\n<p>Kantonalni arhiv Travnik i Arhiv Tuzlanskog kantona organizirali su postavku izlo\u017ebe &#8220;Historijska pruga kroz historijske izvore &#8211; 70 godina pruge Br\u010dko &#8211; Banovi\u0107i&#8221; u zgradi Vlade Srednjobosanskog kantona Travnik, 13.12.2016. godine u 12 sati. Prisutnima su se obratili direktorica Kantonalnog arhiva Travnik, Spomenka Peli\u0107, i direktor Arhiva TK, mr. sc. Omer Zuli\u0107. Izlo\u017ebu je otvorenom proglasio premijer kantona, Tehir Lendo. <span data-offset-key=\"8qgie-0-0\">Prisutne je u ime Arhiva BiH pozdravio Had\u017eija Had\u017eiabdi\u0107, zamjenik direktora.<\/span><\/p>\n<p>Po otvaranju izlo\u017ebe odr\u017eano je i predstavljanje izdanja arhiva Bosne i Hercegovine.<\/p>\n<p>Fotografije sa otvaranja izlo\u017ebe i predstavljanja izdanja mo\u017eete pogledati <a href=\"https:\/\/www.facebook.com\/498899366808970\/photos\/?tab=album&amp;album_id=907064502659119\" target=\"_blank\">ovdje<\/a>.<\/p>\n<p>Mediji o obilje\u017eavanju Dana arhiva i arhivske slu\u017ebe:<\/p>\n<ol>\n<li>Radio Sarajevo, <a href=\"http:\/\/www.radiosarajevo.ba\/metromahala\/teme\/rodendan-arhiva-bih-porodicni-album-nase-drzave\/247388\">http:\/\/www.radiosarajevo.ba\/metromahala\/teme\/rodendan-arhiva-bih-porodicni-album-nase-drzave\/247388<\/a><\/li>\n<li>Klix.ba, <a href=\"https:\/\/www.klix.ba\/vijesti\/bih\/porodicni-album-naroda-u-bih-drzavni-arhiv-decenijama-cuva-najvrijednije-blago\/161212121\">https:\/\/www.klix.ba\/vijesti\/bih\/porodicni-album-naroda-u-bih-drzavni-arhiv-decenijama-cuva-najvrijednije-blago\/161212121<\/a><\/li>\n<\/ol>\n","protected":false},"excerpt":{"rendered":"<p>12.12.2016. godine Arhiv Bosne i Hercegovine i Arhivisti\u010dko udru\u017eenje Bosne i Hercegovine organizirali su Sve\u010danu akademiju u povodu obilje\u017eavanja 69. godi\u0161njice Arhiva i arhivske slu\u017ebe Bosne i Hercegovine. Ista je&hellip;<\/p>\n","protected":false},"author":1,"featured_media":0,"comment_status":"closed","ping_status":"closed","sticky":false,"template":"","format":"standard","meta":{"footnotes":""},"categories":[1],"tags":[],"class_list":["post-1873","post","type-post","status-publish","format-standard","hentry","category-novosti"],"_links":{"self":[{"href":"https:\/\/www.arhivtk.ba\/index.php?rest_route=\/wp\/v2\/posts\/1873","targetHints":{"allow":["GET"]}}],"collection":[{"href":"https:\/\/www.arhivtk.ba\/index.php?rest_route=\/wp\/v2\/posts"}],"about":[{"href":"https:\/\/www.arhivtk.ba\/index.php?rest_route=\/wp\/v2\/types\/post"}],"author":[{"embeddable":true,"href":"https:\/\/www.arhivtk.ba\/index.php?rest_route=\/wp\/v2\/users\/1"}],"replies":[{"embeddable":true,"href":"https:\/\/www.arhivtk.ba\/index.php?rest_route=%2Fwp%2Fv2%2Fcomments&post=1873"}],"version-history":[{"count":9,"href":"https:\/\/www.arhivtk.ba\/index.php?rest_route=\/wp\/v2\/posts\/1873\/revisions"}],"predecessor-version":[{"id":1889,"href":"https:\/\/www.arhivtk.ba\/index.php?rest_route=\/wp\/v2\/posts\/1873\/revisions\/1889"}],"wp:attachment":[{"href":"https:\/\/www.arhivtk.ba\/index.php?rest_route=%2Fwp%2Fv2%2Fmedia&parent=1873"}],"wp:term":[{"taxonomy":"category","embeddable":true,"href":"https:\/\/www.arhivtk.ba\/index.php?rest_route=%2Fwp%2Fv2%2Fcategories&post=1873"},{"taxonomy":"post_tag","embeddable":true,"href":"https:\/\/www.arhivtk.ba\/index.php?rest_route=%2Fwp%2Fv2%2Ftags&post=1873"}],"curies":[{"name":"wp","href":"https:\/\/api.w.org\/{rel}","templated":true}]}}