{"id":2159,"date":"2017-06-04T12:58:31","date_gmt":"2017-06-04T10:58:31","guid":{"rendered":"http:\/\/www.arhivtk.ba\/?p=2159"},"modified":"2017-06-04T12:58:31","modified_gmt":"2017-06-04T10:58:31","slug":"najava-obiljezavanja-medunarodnog-dana-arhiva-2","status":"publish","type":"post","link":"https:\/\/www.arhivtk.ba\/?p=2159","title":{"rendered":"Najava obilje\u017eavanja Me\u0111unarodnog dana arhiva"},"content":{"rendered":"<p>Arhivisti\u010dko udru\u017eenje Bosne i Hercegovine, Arhiv TK i Dru\u0161tvo arhivskih zaposlenika TK povodom 9. juna organiziraju obilje\u017eavanje Me\u0111unarodnog dana arhiva. Isto \u0107e biti odr\u017eano 8. juna (\u010detvrtak) sa po\u010detkom u 14:00 sati, u prostorijama Arhiva TK.<\/p>\n<p><a href=\"https:\/\/www.arhivtk.ba\/wp-content\/uploads\/2017\/06\/danarhivamedj.jpg\"><img loading=\"lazy\" decoding=\"async\" class=\"aligncenter  wp-image-2160\" src=\"https:\/\/www.arhivtk.ba\/wp-content\/uploads\/2017\/06\/danarhivamedj-724x1024.jpg\" alt=\"\" width=\"575\" height=\"813\" srcset=\"https:\/\/www.arhivtk.ba\/wp-content\/uploads\/2017\/06\/danarhivamedj-724x1024.jpg 724w, https:\/\/www.arhivtk.ba\/wp-content\/uploads\/2017\/06\/danarhivamedj-212x300.jpg 212w, https:\/\/www.arhivtk.ba\/wp-content\/uploads\/2017\/06\/danarhivamedj-768x1086.jpg 768w, https:\/\/www.arhivtk.ba\/wp-content\/uploads\/2017\/06\/danarhivamedj-1080x1527.jpg 1080w, https:\/\/www.arhivtk.ba\/wp-content\/uploads\/2017\/06\/danarhivamedj.jpg 2000w\" sizes=\"auto, (max-width: 575px) 100vw, 575px\" \/><\/a><\/p>\n","protected":false},"excerpt":{"rendered":"<p>Arhivisti\u010dko udru\u017eenje Bosne i Hercegovine, Arhiv TK i Dru\u0161tvo arhivskih zaposlenika TK povodom 9. juna organiziraju obilje\u017eavanje Me\u0111unarodnog dana arhiva. Isto \u0107e biti odr\u017eano 8. juna (\u010detvrtak) sa po\u010detkom u&hellip;<\/p>\n","protected":false},"author":1,"featured_media":0,"comment_status":"closed","ping_status":"closed","sticky":false,"template":"","format":"standard","meta":{"footnotes":""},"categories":[1],"tags":[],"class_list":["post-2159","post","type-post","status-publish","format-standard","hentry","category-novosti"],"_links":{"self":[{"href":"https:\/\/www.arhivtk.ba\/index.php?rest_route=\/wp\/v2\/posts\/2159","targetHints":{"allow":["GET"]}}],"collection":[{"href":"https:\/\/www.arhivtk.ba\/index.php?rest_route=\/wp\/v2\/posts"}],"about":[{"href":"https:\/\/www.arhivtk.ba\/index.php?rest_route=\/wp\/v2\/types\/post"}],"author":[{"embeddable":true,"href":"https:\/\/www.arhivtk.ba\/index.php?rest_route=\/wp\/v2\/users\/1"}],"replies":[{"embeddable":true,"href":"https:\/\/www.arhivtk.ba\/index.php?rest_route=%2Fwp%2Fv2%2Fcomments&post=2159"}],"version-history":[{"count":1,"href":"https:\/\/www.arhivtk.ba\/index.php?rest_route=\/wp\/v2\/posts\/2159\/revisions"}],"predecessor-version":[{"id":2161,"href":"https:\/\/www.arhivtk.ba\/index.php?rest_route=\/wp\/v2\/posts\/2159\/revisions\/2161"}],"wp:attachment":[{"href":"https:\/\/www.arhivtk.ba\/index.php?rest_route=%2Fwp%2Fv2%2Fmedia&parent=2159"}],"wp:term":[{"taxonomy":"category","embeddable":true,"href":"https:\/\/www.arhivtk.ba\/index.php?rest_route=%2Fwp%2Fv2%2Fcategories&post=2159"},{"taxonomy":"post_tag","embeddable":true,"href":"https:\/\/www.arhivtk.ba\/index.php?rest_route=%2Fwp%2Fv2%2Ftags&post=2159"}],"curies":[{"name":"wp","href":"https:\/\/api.w.org\/{rel}","templated":true}]}}