{"id":2423,"date":"2017-12-07T08:37:13","date_gmt":"2017-12-07T07:37:13","guid":{"rendered":"http:\/\/www.arhivtk.ba\/?p=2423"},"modified":"2017-12-07T08:37:13","modified_gmt":"2017-12-07T07:37:13","slug":"okrugli-sto-u-tuzli-povodom-70-godina-arhivske-sluzbe-bih","status":"publish","type":"post","link":"https:\/\/www.arhivtk.ba\/?p=2423","title":{"rendered":"Okrugli sto u Tuzli povodom 70 godina arhivske slu\u017ebe BiH"},"content":{"rendered":"<p>Arhiv Tuzlanskog kantona i Dru\u0161tvo arhivskih zaposlenika Tuzlanskog kantona povodom obilje\u017eavanja 70. godi\u0161njice arhivske slu\u017ebe Bosne i Hercegovine organiziraju Okrugli sto na temu &#8220;<strong>Odnos i oblici saradnje arhiva i arhivske djelatnosti i drugih nau\u010dnih oblasti<\/strong>&#8220;.<\/p>\n<p>Okrugli sto \u0107e se odr\u017eati 15. decembra 2017. godine (petak) sa po\u010detkom u 10 sati, u Kongresnoj sali &#8220;A-Hotela&#8221; (Hotel &#8220;Tuzla&#8221;), ul. ZAVNOBIH-a 13. Program okruglog stola mo\u017eete preuzeti <a href=\"https:\/\/www.arhivtk.ba\/wp-content\/uploads\/2017\/12\/program.pdf\" target=\"_blank\" rel=\"noopener\">ovdje<\/a>.<\/p>\n<p>Centralna manifestacija obilje\u017eavanja 70 godina arhivske slu\u017ebe biti \u0107e odr\u017eana u Sarajevu. 12. decembra 2017. godine. I drugi bosanskohercegova\u010dki arhivi u\u010destvuju u obilje\u017eavanju ove zna\u010dajne godi\u0161njice, a kompletan plakat sa program sedmice\/tjedna arhiva mo\u017eete pogledati ispod.<\/p>\n<p><a href=\"https:\/\/www.arhivtk.ba\/wp-content\/uploads\/2017\/12\/24301232_1532422506879217_364130576141279090_n.jpg\"><img loading=\"lazy\" decoding=\"async\" class=\"wp-image-2425 aligncenter\" src=\"https:\/\/www.arhivtk.ba\/wp-content\/uploads\/2017\/12\/24301232_1532422506879217_364130576141279090_n.jpg\" alt=\"\" width=\"722\" height=\"512\" srcset=\"https:\/\/www.arhivtk.ba\/wp-content\/uploads\/2017\/12\/24301232_1532422506879217_364130576141279090_n.jpg 960w, https:\/\/www.arhivtk.ba\/wp-content\/uploads\/2017\/12\/24301232_1532422506879217_364130576141279090_n-300x213.jpg 300w, https:\/\/www.arhivtk.ba\/wp-content\/uploads\/2017\/12\/24301232_1532422506879217_364130576141279090_n-768x545.jpg 768w, https:\/\/www.arhivtk.ba\/wp-content\/uploads\/2017\/12\/24301232_1532422506879217_364130576141279090_n-400x284.jpg 400w\" sizes=\"auto, (max-width: 722px) 100vw, 722px\" \/><\/a>.<\/p>\n<p><a href=\"https:\/\/www.arhivtk.ba\/wp-content\/uploads\/2017\/12\/plakat.jpg\"><img loading=\"lazy\" decoding=\"async\" class=\"wp-image-2426 aligncenter\" src=\"https:\/\/www.arhivtk.ba\/wp-content\/uploads\/2017\/12\/plakat-724x1024.jpg\" alt=\"\" width=\"624\" height=\"883\" srcset=\"https:\/\/www.arhivtk.ba\/wp-content\/uploads\/2017\/12\/plakat-724x1024.jpg 724w, https:\/\/www.arhivtk.ba\/wp-content\/uploads\/2017\/12\/plakat-212x300.jpg 212w, https:\/\/www.arhivtk.ba\/wp-content\/uploads\/2017\/12\/plakat-768x1086.jpg 768w, https:\/\/www.arhivtk.ba\/wp-content\/uploads\/2017\/12\/plakat-1080x1527.jpg 1080w\" sizes=\"auto, (max-width: 624px) 100vw, 624px\" \/><\/a><\/p>\n","protected":false},"excerpt":{"rendered":"<p>Arhiv Tuzlanskog kantona i Dru\u0161tvo arhivskih zaposlenika Tuzlanskog kantona povodom obilje\u017eavanja 70. godi\u0161njice arhivske slu\u017ebe Bosne i Hercegovine organiziraju Okrugli sto na temu &#8220;Odnos i oblici saradnje arhiva i arhivske&hellip;<\/p>\n","protected":false},"author":1,"featured_media":0,"comment_status":"closed","ping_status":"closed","sticky":false,"template":"","format":"standard","meta":{"footnotes":""},"categories":[1],"tags":[],"class_list":["post-2423","post","type-post","status-publish","format-standard","hentry","category-novosti"],"_links":{"self":[{"href":"https:\/\/www.arhivtk.ba\/index.php?rest_route=\/wp\/v2\/posts\/2423","targetHints":{"allow":["GET"]}}],"collection":[{"href":"https:\/\/www.arhivtk.ba\/index.php?rest_route=\/wp\/v2\/posts"}],"about":[{"href":"https:\/\/www.arhivtk.ba\/index.php?rest_route=\/wp\/v2\/types\/post"}],"author":[{"embeddable":true,"href":"https:\/\/www.arhivtk.ba\/index.php?rest_route=\/wp\/v2\/users\/1"}],"replies":[{"embeddable":true,"href":"https:\/\/www.arhivtk.ba\/index.php?rest_route=%2Fwp%2Fv2%2Fcomments&post=2423"}],"version-history":[{"count":1,"href":"https:\/\/www.arhivtk.ba\/index.php?rest_route=\/wp\/v2\/posts\/2423\/revisions"}],"predecessor-version":[{"id":2427,"href":"https:\/\/www.arhivtk.ba\/index.php?rest_route=\/wp\/v2\/posts\/2423\/revisions\/2427"}],"wp:attachment":[{"href":"https:\/\/www.arhivtk.ba\/index.php?rest_route=%2Fwp%2Fv2%2Fmedia&parent=2423"}],"wp:term":[{"taxonomy":"category","embeddable":true,"href":"https:\/\/www.arhivtk.ba\/index.php?rest_route=%2Fwp%2Fv2%2Fcategories&post=2423"},{"taxonomy":"post_tag","embeddable":true,"href":"https:\/\/www.arhivtk.ba\/index.php?rest_route=%2Fwp%2Fv2%2Ftags&post=2423"}],"curies":[{"name":"wp","href":"https:\/\/api.w.org\/{rel}","templated":true}]}}