{"id":2587,"date":"2018-03-30T12:22:16","date_gmt":"2018-03-30T10:22:16","guid":{"rendered":"http:\/\/www.arhivtk.ba\/?p=2587"},"modified":"2018-03-30T12:22:16","modified_gmt":"2018-03-30T10:22:16","slug":"najava-izlozbe-arhiva-tk-u-uzicu","status":"publish","type":"post","link":"https:\/\/www.arhivtk.ba\/?p=2587","title":{"rendered":"Najava izlo\u017ebe Arhiva TK u U\u017eicu"},"content":{"rendered":"<p>Arhiv Tuzlanskog kantona u saradnji sa Istorijskim arhivom U\u017eicem organizira postavku izlo\u017ebe &#8220;<strong>Historijska pruga kroz historijske izvore (70 godina pruge Br\u010dko &#8211; Banovi\u0107i)<\/strong>&#8220;. Izlo\u017eba \u0107e biti otvorena u U\u017eicama, 1. aprila 2018. godine u 18 sati.<\/p>\n<p>&nbsp;<\/p>\n<p><a href=\"https:\/\/www.arhivtk.ba\/wp-content\/uploads\/2018\/03\/plakat-arhiva_001.jpg\"><img loading=\"lazy\" decoding=\"async\" class=\"wp-image-2588 aligncenter\" src=\"https:\/\/www.arhivtk.ba\/wp-content\/uploads\/2018\/03\/plakat-arhiva_001-1024x604.jpg\" alt=\"\" width=\"679\" height=\"401\" srcset=\"https:\/\/www.arhivtk.ba\/wp-content\/uploads\/2018\/03\/plakat-arhiva_001-1024x604.jpg 1024w, https:\/\/www.arhivtk.ba\/wp-content\/uploads\/2018\/03\/plakat-arhiva_001-300x177.jpg 300w, https:\/\/www.arhivtk.ba\/wp-content\/uploads\/2018\/03\/plakat-arhiva_001-768x453.jpg 768w, https:\/\/www.arhivtk.ba\/wp-content\/uploads\/2018\/03\/plakat-arhiva_001-1080x637.jpg 1080w, https:\/\/www.arhivtk.ba\/wp-content\/uploads\/2018\/03\/plakat-arhiva_001.jpg 2000w\" sizes=\"auto, (max-width: 679px) 100vw, 679px\" \/><\/a><\/p>\n<p>&nbsp;<\/p>\n","protected":false},"excerpt":{"rendered":"<p>Arhiv Tuzlanskog kantona u saradnji sa Istorijskim arhivom U\u017eicem organizira postavku izlo\u017ebe &#8220;Historijska pruga kroz historijske izvore (70 godina pruge Br\u010dko &#8211; Banovi\u0107i)&#8220;. Izlo\u017eba \u0107e biti otvorena u U\u017eicama, 1.&hellip;<\/p>\n","protected":false},"author":1,"featured_media":0,"comment_status":"closed","ping_status":"closed","sticky":false,"template":"","format":"standard","meta":{"footnotes":""},"categories":[1],"tags":[],"class_list":["post-2587","post","type-post","status-publish","format-standard","hentry","category-novosti"],"_links":{"self":[{"href":"https:\/\/www.arhivtk.ba\/index.php?rest_route=\/wp\/v2\/posts\/2587","targetHints":{"allow":["GET"]}}],"collection":[{"href":"https:\/\/www.arhivtk.ba\/index.php?rest_route=\/wp\/v2\/posts"}],"about":[{"href":"https:\/\/www.arhivtk.ba\/index.php?rest_route=\/wp\/v2\/types\/post"}],"author":[{"embeddable":true,"href":"https:\/\/www.arhivtk.ba\/index.php?rest_route=\/wp\/v2\/users\/1"}],"replies":[{"embeddable":true,"href":"https:\/\/www.arhivtk.ba\/index.php?rest_route=%2Fwp%2Fv2%2Fcomments&post=2587"}],"version-history":[{"count":2,"href":"https:\/\/www.arhivtk.ba\/index.php?rest_route=\/wp\/v2\/posts\/2587\/revisions"}],"predecessor-version":[{"id":2590,"href":"https:\/\/www.arhivtk.ba\/index.php?rest_route=\/wp\/v2\/posts\/2587\/revisions\/2590"}],"wp:attachment":[{"href":"https:\/\/www.arhivtk.ba\/index.php?rest_route=%2Fwp%2Fv2%2Fmedia&parent=2587"}],"wp:term":[{"taxonomy":"category","embeddable":true,"href":"https:\/\/www.arhivtk.ba\/index.php?rest_route=%2Fwp%2Fv2%2Fcategories&post=2587"},{"taxonomy":"post_tag","embeddable":true,"href":"https:\/\/www.arhivtk.ba\/index.php?rest_route=%2Fwp%2Fv2%2Ftags&post=2587"}],"curies":[{"name":"wp","href":"https:\/\/api.w.org\/{rel}","templated":true}]}}