{"id":2679,"date":"2018-05-09T09:45:15","date_gmt":"2018-05-09T07:45:15","guid":{"rendered":"http:\/\/www.arhivtk.ba\/?p=2679"},"modified":"2018-05-09T09:49:25","modified_gmt":"2018-05-09T07:49:25","slug":"odrzano-savjetovanje-arhivskih-radnika-bih-u-brckom","status":"publish","type":"post","link":"https:\/\/www.arhivtk.ba\/?p=2679","title":{"rendered":"Odr\u017eano Savjetovanje arhivskih radnika BiH u Br\u010dkom"},"content":{"rendered":"<p align=\"justify\">Dana 7. i 8. maja 2018 godine u sali Doma kulture Br\u010dko odr\u017eano je Savjetovanje arhivskih radnika Bosne i Hercegovine. Na istom je u\u010de\u0161\u0107e uzelo oko 110 arhivskih radnika iz Bosne i Hercegovine, Srbije, Hrvatske, Slovenije, Turske i Ma\u0111arske. Prigodnim rije\u010dima Savjetovanje je otvorio Esed Kadri\u0107, predsjednik Skup\u0161tine Br\u010dko Distrikta. Teme kojima su se izlaga\u010di na savjetovanju bavili bile su vezane za arhivsko zakonodavstvo, te prostorne kapacitete arhivskih ustanova.<\/p>\n<p align=\"justify\">Ispred Arhiva TK sa radovima na navedene teme na Savjetovanju arhivskih radnika u Br\u010dkom u\u010destvovali su: mr. sc. Omer Zuli\u0107, Hatid\u017ea Fetahagi\u0107, Selma Isi\u0107 i Adnan Tinji\u0107, te Jasmin Jaj\u010devi\u0107 ispred Dru\u0161tva arhivskih zaposlenika TK. Pored stru\u010dnog, radnog dijela, u\u010desnici su imali priliku posjetiti dio bogatog kulturno-historijskog naslije\u0111a Br\u010dkog (Franjeva\u010dki samostan Dubrave, ku\u0107u Zaimovi\u0107a i drugo).<\/p>\n<p>Fotografije sa Savjetovanja pogledajte <a href=\"https:\/\/www.facebook.com\/pg\/arhivtk\/photos\/?tab=album&amp;album_id=1297387660293466\" target=\"_blank\" rel=\"noopener\">ovdje<\/a>.<\/p>\n<p>&nbsp;<\/p>\n<p>&nbsp;<\/p>\n<div data-offset-key=\"78h6b-0-0\">Iz medija:<\/div>\n<div data-offset-key=\"78h6b-0-0\">1. Radio Br\u010dko: <a href=\"http:\/\/radiobrcko.ba\/pocelo-savjetovanje-arhivskih-radnika-bih-u-brckom\/\">http:\/\/radiobrcko.ba\/pocelo-savjetovanje-arhivskih-radnika-bih-u-brckom\/<\/a><\/div>\n<div data-offset-key=\"78h6b-0-0\"><\/div>\n<div data-offset-key=\"78h6b-0-0\"><\/div>\n<div data-offset-key=\"78h6b-0-0\"><\/div>\n<div data-offset-key=\"78h6b-0-0\"><\/div>\n","protected":false},"excerpt":{"rendered":"<p>Dana 7. i 8. maja 2018 godine u sali Doma kulture Br\u010dko odr\u017eano je Savjetovanje arhivskih radnika Bosne i Hercegovine. Na istom je u\u010de\u0161\u0107e uzelo oko 110 arhivskih radnika iz&hellip;<\/p>\n","protected":false},"author":1,"featured_media":0,"comment_status":"closed","ping_status":"closed","sticky":false,"template":"","format":"standard","meta":{"footnotes":""},"categories":[1],"tags":[],"class_list":["post-2679","post","type-post","status-publish","format-standard","hentry","category-novosti"],"_links":{"self":[{"href":"https:\/\/www.arhivtk.ba\/index.php?rest_route=\/wp\/v2\/posts\/2679","targetHints":{"allow":["GET"]}}],"collection":[{"href":"https:\/\/www.arhivtk.ba\/index.php?rest_route=\/wp\/v2\/posts"}],"about":[{"href":"https:\/\/www.arhivtk.ba\/index.php?rest_route=\/wp\/v2\/types\/post"}],"author":[{"embeddable":true,"href":"https:\/\/www.arhivtk.ba\/index.php?rest_route=\/wp\/v2\/users\/1"}],"replies":[{"embeddable":true,"href":"https:\/\/www.arhivtk.ba\/index.php?rest_route=%2Fwp%2Fv2%2Fcomments&post=2679"}],"version-history":[{"count":4,"href":"https:\/\/www.arhivtk.ba\/index.php?rest_route=\/wp\/v2\/posts\/2679\/revisions"}],"predecessor-version":[{"id":2683,"href":"https:\/\/www.arhivtk.ba\/index.php?rest_route=\/wp\/v2\/posts\/2679\/revisions\/2683"}],"wp:attachment":[{"href":"https:\/\/www.arhivtk.ba\/index.php?rest_route=%2Fwp%2Fv2%2Fmedia&parent=2679"}],"wp:term":[{"taxonomy":"category","embeddable":true,"href":"https:\/\/www.arhivtk.ba\/index.php?rest_route=%2Fwp%2Fv2%2Fcategories&post=2679"},{"taxonomy":"post_tag","embeddable":true,"href":"https:\/\/www.arhivtk.ba\/index.php?rest_route=%2Fwp%2Fv2%2Ftags&post=2679"}],"curies":[{"name":"wp","href":"https:\/\/api.w.org\/{rel}","templated":true}]}}