{"id":4259,"date":"2020-08-28T12:59:27","date_gmt":"2020-08-28T10:59:27","guid":{"rendered":"http:\/\/www.arhivtk.ba\/?p=4259"},"modified":"2020-08-30T11:30:19","modified_gmt":"2020-08-30T09:30:19","slug":"najava-postavke-izlozbe-arhiva-tk-o-prvom-svjetskom-ratu","status":"publish","type":"post","link":"https:\/\/www.arhivtk.ba\/?p=4259","title":{"rendered":"Najava postavke izlo\u017ebe Arhiva TK o Prvom svjetskom ratu"},"content":{"rendered":"<p>Postavka izlo\u017ebe Arhiva Tuzlanskog kantona &#8220;Prvi svjetski rat u dokumentima i fotografijama Arhiva Tuzlanskog kantona&#8221; biti \u0107e postavljena dana 31.8.2020. godine, u 18 sati, u galeriji BKC &#8220;Alija Izetbegovi\u0107&#8221; Tuzla. Izlo\u017eba \u0107e biti postavljena u okviru manifestacije &#8220;Dani povelje 2020.&#8221; Prisutni su du\u017eni pridr\u017eavati se higijensko-epidemiolo\u0161kih mjera prilikom razgledanja izlo\u017ebe.<\/p>\n<p>&nbsp;<\/p>\n","protected":false},"excerpt":{"rendered":"<p>Postavka izlo\u017ebe Arhiva Tuzlanskog kantona &#8220;Prvi svjetski rat u dokumentima i fotografijama Arhiva Tuzlanskog kantona&#8221; biti \u0107e postavljena dana 31.8.2020. godine, u 18 sati, u galeriji BKC &#8220;Alija Izetbegovi\u0107&#8221; Tuzla.&hellip;<\/p>\n","protected":false},"author":1,"featured_media":4271,"comment_status":"closed","ping_status":"closed","sticky":false,"template":"","format":"standard","meta":{"footnotes":""},"categories":[1],"tags":[],"class_list":["post-4259","post","type-post","status-publish","format-standard","has-post-thumbnail","hentry","category-novosti"],"_links":{"self":[{"href":"https:\/\/www.arhivtk.ba\/index.php?rest_route=\/wp\/v2\/posts\/4259","targetHints":{"allow":["GET"]}}],"collection":[{"href":"https:\/\/www.arhivtk.ba\/index.php?rest_route=\/wp\/v2\/posts"}],"about":[{"href":"https:\/\/www.arhivtk.ba\/index.php?rest_route=\/wp\/v2\/types\/post"}],"author":[{"embeddable":true,"href":"https:\/\/www.arhivtk.ba\/index.php?rest_route=\/wp\/v2\/users\/1"}],"replies":[{"embeddable":true,"href":"https:\/\/www.arhivtk.ba\/index.php?rest_route=%2Fwp%2Fv2%2Fcomments&post=4259"}],"version-history":[{"count":2,"href":"https:\/\/www.arhivtk.ba\/index.php?rest_route=\/wp\/v2\/posts\/4259\/revisions"}],"predecessor-version":[{"id":4270,"href":"https:\/\/www.arhivtk.ba\/index.php?rest_route=\/wp\/v2\/posts\/4259\/revisions\/4270"}],"wp:featuredmedia":[{"embeddable":true,"href":"https:\/\/www.arhivtk.ba\/index.php?rest_route=\/wp\/v2\/media\/4271"}],"wp:attachment":[{"href":"https:\/\/www.arhivtk.ba\/index.php?rest_route=%2Fwp%2Fv2%2Fmedia&parent=4259"}],"wp:term":[{"taxonomy":"category","embeddable":true,"href":"https:\/\/www.arhivtk.ba\/index.php?rest_route=%2Fwp%2Fv2%2Fcategories&post=4259"},{"taxonomy":"post_tag","embeddable":true,"href":"https:\/\/www.arhivtk.ba\/index.php?rest_route=%2Fwp%2Fv2%2Ftags&post=4259"}],"curies":[{"name":"wp","href":"https:\/\/api.w.org\/{rel}","templated":true}]}}