{"id":5722,"date":"2022-03-14T10:55:11","date_gmt":"2022-03-14T09:55:11","guid":{"rendered":"https:\/\/www.arhivtk.ba\/?p=5722"},"modified":"2022-03-14T11:10:49","modified_gmt":"2022-03-14T10:10:49","slug":"ministrica-mijatovic-posjetila-arhiv-tuzlanskog-kantona","status":"publish","type":"post","link":"https:\/\/www.arhivtk.ba\/?p=5722","title":{"rendered":"Ministrica Mijatovi\u0107 posjetila Arhiv Tuzlanskog kantona"},"content":{"rendered":"\n<p class=\"wp-block-paragraph\">Dana 11.3.2022. godine ministrica za kulturu, sport i mlade Tuzlanskog kantona,&nbsp;Ivana Mijatovi\u0107, sa pomo\u0107nicom za kulturu, Amelom Mehmedovi\u0107, posjetila je Arhiv Tuzlanskog kantona. Tom prilikom ministrica se upoznala sa radom i djelatno\u0161\u0107u Arhiva Tuzlanskog kantona, koji \u010duva preko 500 arhivskih fondova i zbirki, od kojih su 34 progla\u0161ena pokretnim nacionalnim spomenicima Bosne i Hercegovine. <\/p>\n\n\n\n<p class=\"wp-block-paragraph\">Ministrica je u okviru posjete Arhivu izvr\u0161ila uvid u dio arhivskih depoa gdje se \u010duvaju pohranjeni arhivski fondovi i zbirke. V.d. direktor Arhiva Tuzlanskog kantona, Nijaz Brbutovi\u0107, te \u010dlanovi kolektiva Arhiva, prenijeli su ministrici informacije o aktivnostima\u00a0u okviru ove kulturne ustanove, potrebi obezbje\u0111ivanja novih\u00a0smje\u0161tajnih kapaciteta za vrijednu arhivsku gra\u0111u koju je neophodno preuzeti u arhivske depoe, te potrebi za kapitalnim ulaganjima i izgradnjom namjenskog objekta za Arhiv. Tako\u0111er se govorilo i o ostvarenim rezultatima iz sfera za\u0161tite arhivske gra\u0111e, digitalizacije i prezentacije kulturno-historijskog naslije\u0111a koje Arhiv \u010duva putem arhivskih izlo\u017ebi, publikacija i drugih kulturnih aktivnosti.<\/p>\n\n\n\n<p class=\"wp-block-paragraph\"><\/p>\n\n\n\n<figure class=\"wp-block-image size-large\"><a href=\"https:\/\/www.arhivtk.ba\/wp-content\/uploads\/2022\/03\/20220311_115502-Copy-scaled.jpg\"><img loading=\"lazy\" decoding=\"async\" width=\"1024\" height=\"640\" src=\"https:\/\/www.arhivtk.ba\/wp-content\/uploads\/2022\/03\/20220311_115502-Copy-1024x640.jpg\" alt=\"\" class=\"wp-image-5711\" srcset=\"https:\/\/www.arhivtk.ba\/wp-content\/uploads\/2022\/03\/20220311_115502-Copy-1024x640.jpg 1024w, https:\/\/www.arhivtk.ba\/wp-content\/uploads\/2022\/03\/20220311_115502-Copy-300x187.jpg 300w, https:\/\/www.arhivtk.ba\/wp-content\/uploads\/2022\/03\/20220311_115502-Copy-768x480.jpg 768w, https:\/\/www.arhivtk.ba\/wp-content\/uploads\/2022\/03\/20220311_115502-Copy-1536x959.jpg 1536w, https:\/\/www.arhivtk.ba\/wp-content\/uploads\/2022\/03\/20220311_115502-Copy-2048x1279.jpg 2048w, https:\/\/www.arhivtk.ba\/wp-content\/uploads\/2022\/03\/20220311_115502-Copy-400x250.jpg 400w, https:\/\/www.arhivtk.ba\/wp-content\/uploads\/2022\/03\/20220311_115502-Copy-1080x675.jpg 1080w\" sizes=\"auto, (max-width: 1024px) 100vw, 1024px\" \/><\/a><\/figure>\n\n\n\n<p class=\"wp-block-paragraph\"><\/p>\n","protected":false},"excerpt":{"rendered":"<p>Dana 11.3.2022. godine ministrica za kulturu, sport i mlade Tuzlanskog kantona,&nbsp;Ivana Mijatovi\u0107, sa pomo\u0107nicom za kulturu, Amelom Mehmedovi\u0107, posjetila je Arhiv Tuzlanskog kantona. Tom prilikom ministrica se upoznala sa radom&hellip;<\/p>\n","protected":false},"author":1,"featured_media":0,"comment_status":"closed","ping_status":"closed","sticky":false,"template":"","format":"standard","meta":{"footnotes":""},"categories":[1],"tags":[],"class_list":["post-5722","post","type-post","status-publish","format-standard","hentry","category-novosti"],"_links":{"self":[{"href":"https:\/\/www.arhivtk.ba\/index.php?rest_route=\/wp\/v2\/posts\/5722","targetHints":{"allow":["GET"]}}],"collection":[{"href":"https:\/\/www.arhivtk.ba\/index.php?rest_route=\/wp\/v2\/posts"}],"about":[{"href":"https:\/\/www.arhivtk.ba\/index.php?rest_route=\/wp\/v2\/types\/post"}],"author":[{"embeddable":true,"href":"https:\/\/www.arhivtk.ba\/index.php?rest_route=\/wp\/v2\/users\/1"}],"replies":[{"embeddable":true,"href":"https:\/\/www.arhivtk.ba\/index.php?rest_route=%2Fwp%2Fv2%2Fcomments&post=5722"}],"version-history":[{"count":3,"href":"https:\/\/www.arhivtk.ba\/index.php?rest_route=\/wp\/v2\/posts\/5722\/revisions"}],"predecessor-version":[{"id":5726,"href":"https:\/\/www.arhivtk.ba\/index.php?rest_route=\/wp\/v2\/posts\/5722\/revisions\/5726"}],"wp:attachment":[{"href":"https:\/\/www.arhivtk.ba\/index.php?rest_route=%2Fwp%2Fv2%2Fmedia&parent=5722"}],"wp:term":[{"taxonomy":"category","embeddable":true,"href":"https:\/\/www.arhivtk.ba\/index.php?rest_route=%2Fwp%2Fv2%2Fcategories&post=5722"},{"taxonomy":"post_tag","embeddable":true,"href":"https:\/\/www.arhivtk.ba\/index.php?rest_route=%2Fwp%2Fv2%2Ftags&post=5722"}],"curies":[{"name":"wp","href":"https:\/\/api.w.org\/{rel}","templated":true}]}}