{"id":6066,"date":"2022-07-01T19:48:24","date_gmt":"2022-07-01T17:48:24","guid":{"rendered":"https:\/\/www.arhivtk.ba\/?p=6066"},"modified":"2022-07-01T20:24:01","modified_gmt":"2022-07-01T18:24:01","slug":"obiljezeno-68-godina-rada-arhiva-tuzlanskog-kantona","status":"publish","type":"post","link":"https:\/\/www.arhivtk.ba\/?p=6066","title":{"rendered":"Obilje\u017eeno 68 godina rada Arhiva Tuzlanskog kantona"},"content":{"rendered":"\n<p class=\"wp-block-paragraph\">Javna ustanova Arhiv Tuzlanskog kantona na danas je napunila 68 godina postojanja i rada. Tim povodom danas je uprili\u010den Dan otvorenih vrata Arhiva u prostorijama ustanove, ul. Franje Ledera br. 1 u Tuzli. Godi\u0161njicu su nastupom uveli\u010dali u\u010denici Osnovne \u0161kole Sveti Franjo Tuzla, a prisutnim gostima i saradnicima Arhiva Tuzlanskog kantona obratili su se mr. sc. Omer Zuli\u0107, v.d. direktora Arhiva Tuzlanskog kantona, Ivana Mijatovi\u0107, ministrica za kulturu, sport i mlade Tuzlanskog kantona, te mr. sc. Hajrudin \u0106uprija, direktor Arhiva Federacije Bosne i Hercegovine.<\/p>\n\n\n\n<p class=\"wp-block-paragraph\">Postavljena je&nbsp;i izlo\u017eba \u201eKulturno obrazovna djelatnost Arhiva TK\u201c, te organizovana prezentacija jednog dijela brojnih izdanja Arhiva. Cilj ovakve i sli\u010dnih sadr\u017eaja jeste primarno da se  gra\u0111anima omogu\u0107i da se upoznaju sa zna\u010dajem arhivske djelatnosti za funkcionisanje dr\u017eave i dru\u0161tva.<\/p>\n\n\n\n<p class=\"wp-block-paragraph\">Fotografije sa obilje\u017eavanja mo\u017eete pogledati na <a href=\"https:\/\/www.facebook.com\/media\/set?vanity=arhivtk&amp;set=a.367233478918543\" target=\"_blank\" rel=\"noreferrer noopener\">Facebook stranici Arhiva TK<\/a>.<\/p>\n\n\n\n<p class=\"wp-block-paragraph\"><\/p>\n\n\n\n<p class=\"wp-block-paragraph\"><\/p>\n\n\n\n<figure class=\"wp-block-embed is-type-video is-provider-youtube wp-block-embed-youtube wp-embed-aspect-16-9 wp-has-aspect-ratio\"><div class=\"wp-block-embed__wrapper\">\n<iframe loading=\"lazy\" title=\"Arhiv TK obilje\u017eava 68 godina rada u Tuzli\" width=\"500\" height=\"281\" src=\"https:\/\/www.youtube.com\/embed\/Bnihq4pUPXE?feature=oembed\" frameborder=\"0\" allow=\"accelerometer; autoplay; clipboard-write; encrypted-media; gyroscope; picture-in-picture; web-share\" referrerpolicy=\"strict-origin-when-cross-origin\" allowfullscreen><\/iframe>\n<\/div><\/figure>\n\n\n\n<figure class=\"wp-block-embed is-type-video is-provider-youtube wp-block-embed-youtube wp-embed-aspect-16-9 wp-has-aspect-ratio\"><div class=\"wp-block-embed__wrapper\">\n<iframe loading=\"lazy\" title=\"Dan otvorenih vrata povodom obilje\u017eavanja 68. godina postojanja i rada Arhiva TK\" width=\"500\" height=\"281\" src=\"https:\/\/www.youtube.com\/embed\/DF1G6d6-7y4?feature=oembed\" frameborder=\"0\" allow=\"accelerometer; autoplay; clipboard-write; encrypted-media; gyroscope; picture-in-picture; web-share\" referrerpolicy=\"strict-origin-when-cross-origin\" allowfullscreen><\/iframe>\n<\/div><\/figure>\n","protected":false},"excerpt":{"rendered":"<p>Javna ustanova Arhiv Tuzlanskog kantona na danas je napunila 68 godina postojanja i rada. Tim povodom danas je uprili\u010den Dan otvorenih vrata Arhiva u prostorijama ustanove, ul. Franje Ledera br.&hellip;<\/p>\n","protected":false},"author":1,"featured_media":0,"comment_status":"closed","ping_status":"closed","sticky":false,"template":"","format":"standard","meta":{"footnotes":""},"categories":[1],"tags":[],"class_list":["post-6066","post","type-post","status-publish","format-standard","hentry","category-novosti"],"_links":{"self":[{"href":"https:\/\/www.arhivtk.ba\/index.php?rest_route=\/wp\/v2\/posts\/6066","targetHints":{"allow":["GET"]}}],"collection":[{"href":"https:\/\/www.arhivtk.ba\/index.php?rest_route=\/wp\/v2\/posts"}],"about":[{"href":"https:\/\/www.arhivtk.ba\/index.php?rest_route=\/wp\/v2\/types\/post"}],"author":[{"embeddable":true,"href":"https:\/\/www.arhivtk.ba\/index.php?rest_route=\/wp\/v2\/users\/1"}],"replies":[{"embeddable":true,"href":"https:\/\/www.arhivtk.ba\/index.php?rest_route=%2Fwp%2Fv2%2Fcomments&post=6066"}],"version-history":[{"count":6,"href":"https:\/\/www.arhivtk.ba\/index.php?rest_route=\/wp\/v2\/posts\/6066\/revisions"}],"predecessor-version":[{"id":6075,"href":"https:\/\/www.arhivtk.ba\/index.php?rest_route=\/wp\/v2\/posts\/6066\/revisions\/6075"}],"wp:attachment":[{"href":"https:\/\/www.arhivtk.ba\/index.php?rest_route=%2Fwp%2Fv2%2Fmedia&parent=6066"}],"wp:term":[{"taxonomy":"category","embeddable":true,"href":"https:\/\/www.arhivtk.ba\/index.php?rest_route=%2Fwp%2Fv2%2Fcategories&post=6066"},{"taxonomy":"post_tag","embeddable":true,"href":"https:\/\/www.arhivtk.ba\/index.php?rest_route=%2Fwp%2Fv2%2Ftags&post=6066"}],"curies":[{"name":"wp","href":"https:\/\/api.w.org\/{rel}","templated":true}]}}