{"id":6141,"date":"2022-07-20T19:23:05","date_gmt":"2022-07-20T17:23:05","guid":{"rendered":"https:\/\/www.arhivtk.ba\/?p=6141"},"modified":"2022-07-20T19:25:35","modified_gmt":"2022-07-20T17:25:35","slug":"preuzeta-zbirka-dokumenata-emine-zaimovic","status":"publish","type":"post","link":"https:\/\/www.arhivtk.ba\/?p=6141","title":{"rendered":"Preuzeta zbirka dokumenata Emine Zaimovi\u0107"},"content":{"rendered":"\n<p class=\"has-text-align-left wp-block-paragraph\">Dana 20. 7. 2022. godine, Naida Zaimovi\u0107, unuka preminule Emine Zaimovi\u0107 (predsjednice Skup\u0161tine op\u0161tine Tuzla od 1983. do 1985. godine i \u010dlana Predsjedni\u0161tva SR Bosne i Hercegovine od 1988. do 1991. godine), predala je Arhivu Tuzlanskog kantona zbirku li\u010dnih dokumenata Emine Zaimovi\u0107, koja svjedo\u010di o njenom li\u010dnom i profesionalnom \u017eivotu i radu. Preuzete su li\u010dne arhivalije koje izme\u0111u ostalog uklju\u010duju diplome, fotografije i priznanja. Tako\u0111er su preuzete li\u010dne arhivalije Mehmedalije Huki\u0107a, oca Emine Zaimovi\u0107.<\/p>\n\n\n\n<p class=\"has-text-align-left wp-block-paragraph\">Arhiv Tuzlanskog kantona iskreno se zahvaljuje Naidi Zaimovi\u0107, te porodicama Zaimovi\u0107 i Huki\u0107 na iskazanom povjerenju, te pozivamo i ostale gra\u0111ane sa podru\u010dja Tuzlanskog kantona da Arhivu Tuzlanskog kantona na daljnje \u010duvanje i stru\u010dnu arhivisti\u010dku obradu i za\u0161titu ustupe svoje vrijedne li\u010dne i porodi\u010dne dokumente. Na taj na\u010din \u0107e navedene arhivalije biti dostupne za stru\u010dne i nau\u010dne svrhe svim zainteresiranim istra\u017eiva\u010dima i korisnicima usluga Arhiva Tuzlanskog kantona, a lik i djelo na\u0161ih istaknutih gra\u0111ana biti sa\u010duvani od zaborava.<\/p>\n\n\n\n<p class=\"wp-block-paragraph\"><\/p>\n\n\n\n<div class=\"wp-block-image\"><figure class=\"aligncenter size-large\"><a href=\"https:\/\/www.arhivtk.ba\/wp-content\/uploads\/2022\/07\/20220720_112719-scaled.jpg\"><img loading=\"lazy\" decoding=\"async\" width=\"1024\" height=\"972\" src=\"https:\/\/www.arhivtk.ba\/wp-content\/uploads\/2022\/07\/20220720_112719-1024x972.jpg\" alt=\"\" class=\"wp-image-6143\" srcset=\"https:\/\/www.arhivtk.ba\/wp-content\/uploads\/2022\/07\/20220720_112719-1024x972.jpg 1024w, https:\/\/www.arhivtk.ba\/wp-content\/uploads\/2022\/07\/20220720_112719-300x285.jpg 300w, https:\/\/www.arhivtk.ba\/wp-content\/uploads\/2022\/07\/20220720_112719-768x729.jpg 768w, https:\/\/www.arhivtk.ba\/wp-content\/uploads\/2022\/07\/20220720_112719-1536x1457.jpg 1536w, https:\/\/www.arhivtk.ba\/wp-content\/uploads\/2022\/07\/20220720_112719-2048x1943.jpg 2048w, https:\/\/www.arhivtk.ba\/wp-content\/uploads\/2022\/07\/20220720_112719-1080x1025.jpg 1080w\" sizes=\"auto, (max-width: 1024px) 100vw, 1024px\" \/><\/a><\/figure><\/div>\n","protected":false},"excerpt":{"rendered":"<p>Dana 20. 7. 2022. godine, Naida Zaimovi\u0107, unuka preminule Emine Zaimovi\u0107 (predsjednice Skup\u0161tine op\u0161tine Tuzla od 1983. do 1985. godine i \u010dlana Predsjedni\u0161tva SR Bosne i Hercegovine od 1988. do&hellip;<\/p>\n","protected":false},"author":1,"featured_media":0,"comment_status":"closed","ping_status":"closed","sticky":false,"template":"","format":"standard","meta":{"footnotes":""},"categories":[1],"tags":[],"class_list":["post-6141","post","type-post","status-publish","format-standard","hentry","category-novosti"],"_links":{"self":[{"href":"https:\/\/www.arhivtk.ba\/index.php?rest_route=\/wp\/v2\/posts\/6141","targetHints":{"allow":["GET"]}}],"collection":[{"href":"https:\/\/www.arhivtk.ba\/index.php?rest_route=\/wp\/v2\/posts"}],"about":[{"href":"https:\/\/www.arhivtk.ba\/index.php?rest_route=\/wp\/v2\/types\/post"}],"author":[{"embeddable":true,"href":"https:\/\/www.arhivtk.ba\/index.php?rest_route=\/wp\/v2\/users\/1"}],"replies":[{"embeddable":true,"href":"https:\/\/www.arhivtk.ba\/index.php?rest_route=%2Fwp%2Fv2%2Fcomments&post=6141"}],"version-history":[{"count":4,"href":"https:\/\/www.arhivtk.ba\/index.php?rest_route=\/wp\/v2\/posts\/6141\/revisions"}],"predecessor-version":[{"id":6147,"href":"https:\/\/www.arhivtk.ba\/index.php?rest_route=\/wp\/v2\/posts\/6141\/revisions\/6147"}],"wp:attachment":[{"href":"https:\/\/www.arhivtk.ba\/index.php?rest_route=%2Fwp%2Fv2%2Fmedia&parent=6141"}],"wp:term":[{"taxonomy":"category","embeddable":true,"href":"https:\/\/www.arhivtk.ba\/index.php?rest_route=%2Fwp%2Fv2%2Fcategories&post=6141"},{"taxonomy":"post_tag","embeddable":true,"href":"https:\/\/www.arhivtk.ba\/index.php?rest_route=%2Fwp%2Fv2%2Ftags&post=6141"}],"curies":[{"name":"wp","href":"https:\/\/api.w.org\/{rel}","templated":true}]}}