{"id":6589,"date":"2023-09-20T15:07:25","date_gmt":"2023-09-20T13:07:25","guid":{"rendered":"https:\/\/www.arhivtk.ba\/?p=6589"},"modified":"2023-09-20T15:07:26","modified_gmt":"2023-09-20T13:07:26","slug":"biseri-tuzlanske-arhitekture-na-trgu-slobode-u-tuzli","status":"publish","type":"post","link":"https:\/\/www.arhivtk.ba\/?p=6589","title":{"rendered":"&#8220;Biseri tuzlanske arhitekture&#8221; na Trgu slobode u Tuzli"},"content":{"rendered":"\n<p class=\"wp-block-paragraph\">U saradnji JU Arhiva Tuzlanskog kantona i Gra\u0111evinsko-geodetske \u0161kole Tuzla dana <strong>25.9.2023. godine, sa po\u010detkom u 11 sati,<\/strong> na prostoru Trga slobode u Tuzli bit \u0107e uprili\u010deno otvaranje izlo\u017ebe &#8220;Biseri tuzlanske arhitekture&#8221;. Izlo\u017eba se sastoji od panoa i maketa koje posjetiocima govore o poznatim i zna\u010dajnim tuzlanskim objektima. Trenutna postavka uklju\u010duje neke od sakralnih objekata Tuzle, a u budu\u0107nosti je namjera izlo\u017ebu pro\u0161iriti mnogim drugim zna\u010dajnim i prepoznatljivim tuzlanskim objektima poput Baroka, Austrijske po\u0161te, Musale, Hastahane i mnogih drugih.<\/p>\n\n\n\n<p class=\"wp-block-paragraph\">Pozivamo Vas da svojim prisustvom uveli\u010date otvaranje ove zanimljive izlo\u017ebe.<\/p>\n\n\n\n<p class=\"wp-block-paragraph\"><\/p>\n\n\n<div class=\"wp-block-image\">\n<figure class=\"aligncenter size-large\"><a href=\"https:\/\/www.arhivtk.ba\/wp-content\/uploads\/2023\/09\/plakat-25-9-scaled.jpg\"><img loading=\"lazy\" decoding=\"async\" width=\"724\" height=\"1024\" src=\"https:\/\/www.arhivtk.ba\/wp-content\/uploads\/2023\/09\/plakat-25-9-724x1024.jpg\" alt=\"\" class=\"wp-image-6590\" srcset=\"https:\/\/www.arhivtk.ba\/wp-content\/uploads\/2023\/09\/plakat-25-9-724x1024.jpg 724w, https:\/\/www.arhivtk.ba\/wp-content\/uploads\/2023\/09\/plakat-25-9-212x300.jpg 212w, https:\/\/www.arhivtk.ba\/wp-content\/uploads\/2023\/09\/plakat-25-9-768x1086.jpg 768w, https:\/\/www.arhivtk.ba\/wp-content\/uploads\/2023\/09\/plakat-25-9-1086x1536.jpg 1086w, https:\/\/www.arhivtk.ba\/wp-content\/uploads\/2023\/09\/plakat-25-9-1448x2048.jpg 1448w, https:\/\/www.arhivtk.ba\/wp-content\/uploads\/2023\/09\/plakat-25-9-1080x1528.jpg 1080w, https:\/\/www.arhivtk.ba\/wp-content\/uploads\/2023\/09\/plakat-25-9-scaled.jpg 1810w\" sizes=\"auto, (max-width: 724px) 100vw, 724px\" \/><\/a><\/figure>\n<\/div>\n\n\n<p class=\"wp-block-paragraph\"><\/p>\n\n\n\n<p class=\"wp-block-paragraph\"><\/p>\n","protected":false},"excerpt":{"rendered":"<p>U saradnji JU Arhiva Tuzlanskog kantona i Gra\u0111evinsko-geodetske \u0161kole Tuzla dana 25.9.2023. godine, sa po\u010detkom u 11 sati, na prostoru Trga slobode u Tuzli bit \u0107e uprili\u010deno otvaranje izlo\u017ebe &#8220;Biseri&hellip;<\/p>\n","protected":false},"author":1,"featured_media":0,"comment_status":"closed","ping_status":"closed","sticky":false,"template":"","format":"standard","meta":{"footnotes":""},"categories":[1],"tags":[],"class_list":["post-6589","post","type-post","status-publish","format-standard","hentry","category-novosti"],"_links":{"self":[{"href":"https:\/\/www.arhivtk.ba\/index.php?rest_route=\/wp\/v2\/posts\/6589","targetHints":{"allow":["GET"]}}],"collection":[{"href":"https:\/\/www.arhivtk.ba\/index.php?rest_route=\/wp\/v2\/posts"}],"about":[{"href":"https:\/\/www.arhivtk.ba\/index.php?rest_route=\/wp\/v2\/types\/post"}],"author":[{"embeddable":true,"href":"https:\/\/www.arhivtk.ba\/index.php?rest_route=\/wp\/v2\/users\/1"}],"replies":[{"embeddable":true,"href":"https:\/\/www.arhivtk.ba\/index.php?rest_route=%2Fwp%2Fv2%2Fcomments&post=6589"}],"version-history":[{"count":1,"href":"https:\/\/www.arhivtk.ba\/index.php?rest_route=\/wp\/v2\/posts\/6589\/revisions"}],"predecessor-version":[{"id":6591,"href":"https:\/\/www.arhivtk.ba\/index.php?rest_route=\/wp\/v2\/posts\/6589\/revisions\/6591"}],"wp:attachment":[{"href":"https:\/\/www.arhivtk.ba\/index.php?rest_route=%2Fwp%2Fv2%2Fmedia&parent=6589"}],"wp:term":[{"taxonomy":"category","embeddable":true,"href":"https:\/\/www.arhivtk.ba\/index.php?rest_route=%2Fwp%2Fv2%2Fcategories&post=6589"},{"taxonomy":"post_tag","embeddable":true,"href":"https:\/\/www.arhivtk.ba\/index.php?rest_route=%2Fwp%2Fv2%2Ftags&post=6589"}],"curies":[{"name":"wp","href":"https:\/\/api.w.org\/{rel}","templated":true}]}}