{"id":7767,"date":"2026-03-06T11:36:10","date_gmt":"2026-03-06T10:36:10","guid":{"rendered":"https:\/\/www.arhivtk.ba\/?p=7767"},"modified":"2026-03-06T11:36:11","modified_gmt":"2026-03-06T10:36:11","slug":"cestitka-za-8-mart-medunarodni-dan-zena-2","status":"publish","type":"post","link":"https:\/\/www.arhivtk.ba\/?p=7767","title":{"rendered":"\u010cestitka za 8. mart, Me\u0111unarodni dan \u017eena"},"content":{"rendered":"\n<p>Svim pripadnicama ljep\u0161eg spola u ime kolektiva Javne ustanove Arhiv Tuzlanskog kantona \u010destitamo 8. mart, Me\u0111unarodni dan \u017eena!<\/p>\n","protected":false},"excerpt":{"rendered":"<p>Svim pripadnicama ljep\u0161eg spola u ime kolektiva Javne ustanove Arhiv Tuzlanskog kantona \u010destitamo 8. mart, Me\u0111unarodni dan \u017eena!<\/p>\n","protected":false},"author":1,"featured_media":7768,"comment_status":"closed","ping_status":"closed","sticky":false,"template":"","format":"standard","meta":{"footnotes":""},"categories":[1],"tags":[],"class_list":["post-7767","post","type-post","status-publish","format-standard","has-post-thumbnail","hentry","category-novosti"],"_links":{"self":[{"href":"https:\/\/www.arhivtk.ba\/index.php?rest_route=\/wp\/v2\/posts\/7767","targetHints":{"allow":["GET"]}}],"collection":[{"href":"https:\/\/www.arhivtk.ba\/index.php?rest_route=\/wp\/v2\/posts"}],"about":[{"href":"https:\/\/www.arhivtk.ba\/index.php?rest_route=\/wp\/v2\/types\/post"}],"author":[{"embeddable":true,"href":"https:\/\/www.arhivtk.ba\/index.php?rest_route=\/wp\/v2\/users\/1"}],"replies":[{"embeddable":true,"href":"https:\/\/www.arhivtk.ba\/index.php?rest_route=%2Fwp%2Fv2%2Fcomments&post=7767"}],"version-history":[{"count":1,"href":"https:\/\/www.arhivtk.ba\/index.php?rest_route=\/wp\/v2\/posts\/7767\/revisions"}],"predecessor-version":[{"id":7769,"href":"https:\/\/www.arhivtk.ba\/index.php?rest_route=\/wp\/v2\/posts\/7767\/revisions\/7769"}],"wp:featuredmedia":[{"embeddable":true,"href":"https:\/\/www.arhivtk.ba\/index.php?rest_route=\/wp\/v2\/media\/7768"}],"wp:attachment":[{"href":"https:\/\/www.arhivtk.ba\/index.php?rest_route=%2Fwp%2Fv2%2Fmedia&parent=7767"}],"wp:term":[{"taxonomy":"category","embeddable":true,"href":"https:\/\/www.arhivtk.ba\/index.php?rest_route=%2Fwp%2Fv2%2Fcategories&post=7767"},{"taxonomy":"post_tag","embeddable":true,"href":"https:\/\/www.arhivtk.ba\/index.php?rest_route=%2Fwp%2Fv2%2Ftags&post=7767"}],"curies":[{"name":"wp","href":"https:\/\/api.w.org\/{rel}","templated":true}]}}