{"id":7944,"date":"2026-08-31T09:30:48","date_gmt":"2026-08-31T07:30:48","guid":{"rendered":"https:\/\/www.arhivtk.ba\/?p=7944"},"modified":"2026-08-31T09:30:49","modified_gmt":"2026-08-31T07:30:49","slug":"promocija-knjige-izmedu-tradicije-i-moderne-u-okviru-manifestacije-dani-povelje","status":"publish","type":"post","link":"https:\/\/www.arhivtk.ba\/?p=7944","title":{"rendered":"Promocija knjige &#8220;Izme\u0111u tradicije i moderne&#8221; u okviru manifestacije &#8220;Dani povelje&#8221;"},"content":{"rendered":"\n<p class=\"wp-block-paragraph\">JU Arhiv Tuzlanskog kantona, BZK Kalesija, Centar za istra\u017eivanje moderne i savremene historije Tuzla, Dru\u0161tvo arhivskih zaposlenika Tuzlanskog kantona i Bosanski kulturni centar &#8220;Alija Izetbegovi\u0107&#8221; Kalesija organizuju promociju knjige <strong>&#8220;Izme\u0111u tradicije i moderne: Kulturni preobra\u017eaj Tuzle i okoline u austrougarskom periodu (1878\u20131918)&#8221;<\/strong>, autora mr. sc. Omera Zuli\u0107a.<\/p>\n\n\n\n<p class=\"wp-block-paragraph\">O sadr\u017eaju i zna\u010daju djela govorit \u0107e prof. dr. Izet \u0160aboti\u0107, prof. dr. Sead Selimovi\u0107 te autor mr. sc. Omer Zuli\u0107, dok \u0107e ulogu moderatora imati mr. sc. Jasmin Jaj\u010devi\u0107.<\/p>\n\n\n\n<p class=\"wp-block-paragraph\">Promocija se organizuje u okviru manifestacije <strong>&#8220;Dani povelje&#8221;<\/strong>, posve\u0107ene obilje\u017eavanju povelje Kulina bana iz 1189. godine, kao trajnog podsjetnika na bogatu kulturno-historijsku tradiciju ovih prostora.<\/p>\n\n\n\n<p class=\"wp-block-paragraph\"><strong>Datum i vrijeme odr\u017eavanja:<\/strong> \u010detvrtak, 03. septembar 2026. godine, sa po\u010detkom u 18:00 sati<br \/><strong>Mjesto odr\u017eavanja:<\/strong> Bosanski kulturni centar &#8220;Alija Izetbegovi\u0107&#8221; Kalesija<\/p>\n","protected":false},"excerpt":{"rendered":"<p>JU Arhiv Tuzlanskog kantona, BZK Kalesija, Centar za istra\u017eivanje moderne i savremene historije Tuzla, Dru\u0161tvo arhivskih zaposlenika Tuzlanskog kantona i Bosanski kulturni centar &#8220;Alija Izetbegovi\u0107&#8221; Kalesija organizuju promociju knjige &#8220;Izme\u0111u&hellip;<\/p>\n","protected":false},"author":1,"featured_media":7945,"comment_status":"closed","ping_status":"closed","sticky":false,"template":"","format":"standard","meta":{"footnotes":""},"categories":[1],"tags":[],"class_list":["post-7944","post","type-post","status-publish","format-standard","has-post-thumbnail","hentry","category-novosti"],"_links":{"self":[{"href":"https:\/\/www.arhivtk.ba\/index.php?rest_route=\/wp\/v2\/posts\/7944","targetHints":{"allow":["GET"]}}],"collection":[{"href":"https:\/\/www.arhivtk.ba\/index.php?rest_route=\/wp\/v2\/posts"}],"about":[{"href":"https:\/\/www.arhivtk.ba\/index.php?rest_route=\/wp\/v2\/types\/post"}],"author":[{"embeddable":true,"href":"https:\/\/www.arhivtk.ba\/index.php?rest_route=\/wp\/v2\/users\/1"}],"replies":[{"embeddable":true,"href":"https:\/\/www.arhivtk.ba\/index.php?rest_route=%2Fwp%2Fv2%2Fcomments&post=7944"}],"version-history":[{"count":1,"href":"https:\/\/www.arhivtk.ba\/index.php?rest_route=\/wp\/v2\/posts\/7944\/revisions"}],"predecessor-version":[{"id":7946,"href":"https:\/\/www.arhivtk.ba\/index.php?rest_route=\/wp\/v2\/posts\/7944\/revisions\/7946"}],"wp:featuredmedia":[{"embeddable":true,"href":"https:\/\/www.arhivtk.ba\/index.php?rest_route=\/wp\/v2\/media\/7945"}],"wp:attachment":[{"href":"https:\/\/www.arhivtk.ba\/index.php?rest_route=%2Fwp%2Fv2%2Fmedia&parent=7944"}],"wp:term":[{"taxonomy":"category","embeddable":true,"href":"https:\/\/www.arhivtk.ba\/index.php?rest_route=%2Fwp%2Fv2%2Fcategories&post=7944"},{"taxonomy":"post_tag","embeddable":true,"href":"https:\/\/www.arhivtk.ba\/index.php?rest_route=%2Fwp%2Fv2%2Ftags&post=7944"}],"curies":[{"name":"wp","href":"https:\/\/api.w.org\/{rel}","templated":true}]}}