{"id":7947,"date":"2026-09-04T08:12:24","date_gmt":"2026-09-04T06:12:24","guid":{"rendered":"https:\/\/www.arhivtk.ba\/?p=7947"},"modified":"2026-09-04T08:14:21","modified_gmt":"2026-09-04T06:14:21","slug":"odrzana-promocija-knjige-izmedu-tradicije-i-moderne-kulturni-preobrazaj-tuzle-i-okoline-u-austrougarskom-periodu-u-bkc-kalesija","status":"publish","type":"post","link":"https:\/\/www.arhivtk.ba\/?p=7947","title":{"rendered":"Odr\u017eana promocija knjige &#8220;Izme\u0111u tradicije i moderne: Kulturni preobra\u017eaj Tuzle i okoline u austrougarskom periodu&#8221; u BKC Kalesija"},"content":{"rendered":"\n<p class=\"wp-block-paragraph\">U prostorijama JU Bosanski kulturni centar \u201cAlija Izetbegovi\u0107\u201d Kalesija, dana 03.09.2026. godine, sa po\u010detkom u 18 sati, odr\u017eana je promocija knjige \u201cIZME\u0110U TRADICIJE I MODERNE: Kulturni preobra\u017eaj Tuzle i okoline u austrougarskom periodu (1878\u20131918)\u201d, autora mr. sc. Omera Zuli\u0107a.<\/p>\n\n\n\n<p class=\"wp-block-paragraph\">Na po\u010detku promocije prisutnima se obratio direktor JU BKC &#8220;Alija Izetbegovi\u0107&#8221; Kalesija, Fahrudin Sinanovi\u0107, naglasiv\u0161i da se promocija organizuje u okviru manifestacije \u201cDani povelje\u201d, koja je posve\u0107ene obilje\u017eavanju povelje Kulina bana iz 1189. godine, kao trajnog podsjetnika na bogatu kulturno-historijsku tradiciju ovih prostora.<\/p>\n\n\n\n<p class=\"wp-block-paragraph\">O sadr\u017eaju i zna\u010daju knjige govorili su recenzenti iste, prof. dr. Izet \u0160aboti\u0107 i prof. dr. Sead Selimovi\u0107 sa Filozofskog fakulteta Univerziteta u Tuzli, Prisutnima se obratio i autor, mr. sc. Omer Zuli\u0107, direktor JU Arhiv Tuzlanskog kantona Tuzla.<\/p>\n\n\n\n<p class=\"wp-block-paragraph\">Promociju je moderirao mr. sc. Jasmin Jaj\u010devi\u0107.<\/p>\n\n\n\n<figure class=\"wp-block-gallery has-nested-images columns-default is-cropped wp-block-gallery-1 is-layout-flex wp-block-gallery-is-layout-flex\">\n<figure class=\"wp-block-image size-large\"><a href=\"https:\/\/www.arhivtk.ba\/wp-content\/uploads\/2026\/09\/IMG-0fc19cbd8d31b127e76d7fd35c56f4f0-V.jpg\"><img loading=\"lazy\" decoding=\"async\" width=\"1024\" height=\"768\" data-id=\"7948\" src=\"https:\/\/www.arhivtk.ba\/wp-content\/uploads\/2026\/09\/IMG-0fc19cbd8d31b127e76d7fd35c56f4f0-V-1024x768.jpg\" alt=\"\" class=\"wp-image-7948\" srcset=\"https:\/\/www.arhivtk.ba\/wp-content\/uploads\/2026\/09\/IMG-0fc19cbd8d31b127e76d7fd35c56f4f0-V-1024x768.jpg 1024w, https:\/\/www.arhivtk.ba\/wp-content\/uploads\/2026\/09\/IMG-0fc19cbd8d31b127e76d7fd35c56f4f0-V-300x225.jpg 300w, https:\/\/www.arhivtk.ba\/wp-content\/uploads\/2026\/09\/IMG-0fc19cbd8d31b127e76d7fd35c56f4f0-V-768x576.jpg 768w, https:\/\/www.arhivtk.ba\/wp-content\/uploads\/2026\/09\/IMG-0fc19cbd8d31b127e76d7fd35c56f4f0-V-1536x1152.jpg 1536w, https:\/\/www.arhivtk.ba\/wp-content\/uploads\/2026\/09\/IMG-0fc19cbd8d31b127e76d7fd35c56f4f0-V.jpg 1600w\" sizes=\"auto, (max-width: 1024px) 100vw, 1024px\" \/><\/a><\/figure>\n\n\n\n<figure class=\"wp-block-image size-large\"><a href=\"https:\/\/www.arhivtk.ba\/wp-content\/uploads\/2026\/09\/IMG-891fbf3aa7448091ac849a17bce6cb29-V.jpg\"><img loading=\"lazy\" decoding=\"async\" width=\"1024\" height=\"768\" data-id=\"7951\" src=\"https:\/\/www.arhivtk.ba\/wp-content\/uploads\/2026\/09\/IMG-891fbf3aa7448091ac849a17bce6cb29-V-1024x768.jpg\" alt=\"\" class=\"wp-image-7951\" srcset=\"https:\/\/www.arhivtk.ba\/wp-content\/uploads\/2026\/09\/IMG-891fbf3aa7448091ac849a17bce6cb29-V-1024x768.jpg 1024w, https:\/\/www.arhivtk.ba\/wp-content\/uploads\/2026\/09\/IMG-891fbf3aa7448091ac849a17bce6cb29-V-300x225.jpg 300w, https:\/\/www.arhivtk.ba\/wp-content\/uploads\/2026\/09\/IMG-891fbf3aa7448091ac849a17bce6cb29-V-768x576.jpg 768w, https:\/\/www.arhivtk.ba\/wp-content\/uploads\/2026\/09\/IMG-891fbf3aa7448091ac849a17bce6cb29-V-1536x1152.jpg 1536w, https:\/\/www.arhivtk.ba\/wp-content\/uploads\/2026\/09\/IMG-891fbf3aa7448091ac849a17bce6cb29-V.jpg 1600w\" sizes=\"auto, (max-width: 1024px) 100vw, 1024px\" \/><\/a><\/figure>\n\n\n\n<figure class=\"wp-block-image size-large\"><a href=\"https:\/\/www.arhivtk.ba\/wp-content\/uploads\/2026\/09\/IMG-76103e63b20ea3541355afcae2ecff88-V.jpg\"><img loading=\"lazy\" decoding=\"async\" width=\"1024\" height=\"768\" data-id=\"7950\" src=\"https:\/\/www.arhivtk.ba\/wp-content\/uploads\/2026\/09\/IMG-76103e63b20ea3541355afcae2ecff88-V-1024x768.jpg\" alt=\"\" class=\"wp-image-7950\" srcset=\"https:\/\/www.arhivtk.ba\/wp-content\/uploads\/2026\/09\/IMG-76103e63b20ea3541355afcae2ecff88-V-1024x768.jpg 1024w, https:\/\/www.arhivtk.ba\/wp-content\/uploads\/2026\/09\/IMG-76103e63b20ea3541355afcae2ecff88-V-300x225.jpg 300w, https:\/\/www.arhivtk.ba\/wp-content\/uploads\/2026\/09\/IMG-76103e63b20ea3541355afcae2ecff88-V-768x576.jpg 768w, https:\/\/www.arhivtk.ba\/wp-content\/uploads\/2026\/09\/IMG-76103e63b20ea3541355afcae2ecff88-V-1536x1152.jpg 1536w, https:\/\/www.arhivtk.ba\/wp-content\/uploads\/2026\/09\/IMG-76103e63b20ea3541355afcae2ecff88-V.jpg 1600w\" sizes=\"auto, (max-width: 1024px) 100vw, 1024px\" \/><\/a><\/figure>\n\n\n\n<figure class=\"wp-block-image size-large\"><a href=\"https:\/\/www.arhivtk.ba\/wp-content\/uploads\/2026\/09\/IMG-5053a6aca064a7ac828ab4bb44a2ebd1-V.jpg\"><img loading=\"lazy\" decoding=\"async\" width=\"1024\" height=\"768\" data-id=\"7949\" src=\"https:\/\/www.arhivtk.ba\/wp-content\/uploads\/2026\/09\/IMG-5053a6aca064a7ac828ab4bb44a2ebd1-V-1024x768.jpg\" alt=\"\" class=\"wp-image-7949\" srcset=\"https:\/\/www.arhivtk.ba\/wp-content\/uploads\/2026\/09\/IMG-5053a6aca064a7ac828ab4bb44a2ebd1-V-1024x768.jpg 1024w, https:\/\/www.arhivtk.ba\/wp-content\/uploads\/2026\/09\/IMG-5053a6aca064a7ac828ab4bb44a2ebd1-V-300x225.jpg 300w, https:\/\/www.arhivtk.ba\/wp-content\/uploads\/2026\/09\/IMG-5053a6aca064a7ac828ab4bb44a2ebd1-V-768x576.jpg 768w, https:\/\/www.arhivtk.ba\/wp-content\/uploads\/2026\/09\/IMG-5053a6aca064a7ac828ab4bb44a2ebd1-V-1536x1152.jpg 1536w, https:\/\/www.arhivtk.ba\/wp-content\/uploads\/2026\/09\/IMG-5053a6aca064a7ac828ab4bb44a2ebd1-V.jpg 1600w\" sizes=\"auto, (max-width: 1024px) 100vw, 1024px\" \/><\/a><\/figure>\n<\/figure>\n","protected":false},"excerpt":{"rendered":"<p>U prostorijama JU Bosanski kulturni centar \u201cAlija Izetbegovi\u0107\u201d Kalesija, dana 03.09.2026. godine, sa po\u010detkom u 18 sati, odr\u017eana je promocija knjige \u201cIZME\u0110U TRADICIJE I MODERNE: Kulturni preobra\u017eaj Tuzle i okoline&hellip;<\/p>\n","protected":false},"author":1,"featured_media":7953,"comment_status":"closed","ping_status":"closed","sticky":false,"template":"","format":"standard","meta":{"footnotes":""},"categories":[1],"tags":[],"class_list":["post-7947","post","type-post","status-publish","format-standard","has-post-thumbnail","hentry","category-novosti"],"_links":{"self":[{"href":"https:\/\/www.arhivtk.ba\/index.php?rest_route=\/wp\/v2\/posts\/7947","targetHints":{"allow":["GET"]}}],"collection":[{"href":"https:\/\/www.arhivtk.ba\/index.php?rest_route=\/wp\/v2\/posts"}],"about":[{"href":"https:\/\/www.arhivtk.ba\/index.php?rest_route=\/wp\/v2\/types\/post"}],"author":[{"embeddable":true,"href":"https:\/\/www.arhivtk.ba\/index.php?rest_route=\/wp\/v2\/users\/1"}],"replies":[{"embeddable":true,"href":"https:\/\/www.arhivtk.ba\/index.php?rest_route=%2Fwp%2Fv2%2Fcomments&post=7947"}],"version-history":[{"count":2,"href":"https:\/\/www.arhivtk.ba\/index.php?rest_route=\/wp\/v2\/posts\/7947\/revisions"}],"predecessor-version":[{"id":7956,"href":"https:\/\/www.arhivtk.ba\/index.php?rest_route=\/wp\/v2\/posts\/7947\/revisions\/7956"}],"wp:featuredmedia":[{"embeddable":true,"href":"https:\/\/www.arhivtk.ba\/index.php?rest_route=\/wp\/v2\/media\/7953"}],"wp:attachment":[{"href":"https:\/\/www.arhivtk.ba\/index.php?rest_route=%2Fwp%2Fv2%2Fmedia&parent=7947"}],"wp:term":[{"taxonomy":"category","embeddable":true,"href":"https:\/\/www.arhivtk.ba\/index.php?rest_route=%2Fwp%2Fv2%2Fcategories&post=7947"},{"taxonomy":"post_tag","embeddable":true,"href":"https:\/\/www.arhivtk.ba\/index.php?rest_route=%2Fwp%2Fv2%2Ftags&post=7947"}],"curies":[{"name":"wp","href":"https:\/\/api.w.org\/{rel}","templated":true}]}}