{"id":890,"date":"2015-05-24T01:34:03","date_gmt":"2015-05-23T23:34:03","guid":{"rendered":"http:\/\/www.arhivtk.ba\/?p=890"},"modified":"2015-05-24T01:50:42","modified_gmt":"2015-05-23T23:50:42","slug":"890","status":"publish","type":"post","link":"https:\/\/www.arhivtk.ba\/?p=890","title":{"rendered":"Prezentacija izdanja Arhiva TK i DAZ TK na 6. Me\u0111unarodnom sajmu knjiga u Tuzli"},"content":{"rendered":"<p style=\"text-align: justify;\">U subotu, 23. maja sa po\u010detkom u 14 sati, u prostorijama TC Konzum Tuzla, u okviru 6. Me\u0111unarodnog tuzlanskog sajma knjiga, predstavljene su publikacije u izdanju Arhiva Tuzlanskog kantona i Dru\u0161tva arhivskih zaposlenika TK. \u010cetiri publikacije su predstavili: prof. dr. Izet \u0160aboti\u0107, mr. sc. Alma Hasuki\u0107, Selma Isi\u0107, mr. sc. Omer Zuli\u0107 i Adnan Tinji\u0107. O knjigama &#8220;Historijsko &#8211; pravni zna\u010daj francuske deklaracije o pravima \u010dovjeka i gra\u0111anina iz 1789. godine&#8221; i &#8220;Trgova\u010dke prilike u Bosanskom ejaletu 1793. &#8211; 1831.&#8221; govorili su i sami autori, dr. sc. Edin Rami\u0107 i mr. sc. Alen Salihovi\u0107.<\/p>\n<p style=\"text-align: justify;\">Fotografije sa prezentacije knjiga mo\u017eete pogledati <a href=\"https:\/\/www.facebook.com\/media\/set\/?set=a.658643480834557.1073741859.498899366808970&amp;type=1\">ovdje<\/a>.<\/p>\n<p>&nbsp;<\/p>\n<p><a href=\"https:\/\/www.arhivtk.ba\/wp-content\/uploads\/2015\/05\/pozivnica-sajam.png\"><img loading=\"lazy\" decoding=\"async\" class=\"aligncenter  wp-image-862\" src=\"https:\/\/www.arhivtk.ba\/wp-content\/uploads\/2015\/05\/pozivnica-sajam-727x1024.png\" alt=\"pozivnica sajam\" width=\"520\" height=\"733\" srcset=\"https:\/\/www.arhivtk.ba\/wp-content\/uploads\/2015\/05\/pozivnica-sajam-727x1024.png 727w, https:\/\/www.arhivtk.ba\/wp-content\/uploads\/2015\/05\/pozivnica-sajam-213x300.png 213w, https:\/\/www.arhivtk.ba\/wp-content\/uploads\/2015\/05\/pozivnica-sajam.png 1000w\" sizes=\"auto, (max-width: 520px) 100vw, 520px\" \/><\/a><\/p>\n","protected":false},"excerpt":{"rendered":"<p>U subotu, 23. maja sa po\u010detkom u 14 sati, u prostorijama TC Konzum Tuzla, u okviru 6. Me\u0111unarodnog tuzlanskog sajma knjiga, predstavljene su publikacije u izdanju Arhiva Tuzlanskog kantona i&hellip;<\/p>\n","protected":false},"author":1,"featured_media":0,"comment_status":"closed","ping_status":"closed","sticky":false,"template":"","format":"standard","meta":{"footnotes":""},"categories":[1],"tags":[],"class_list":["post-890","post","type-post","status-publish","format-standard","hentry","category-novosti"],"_links":{"self":[{"href":"https:\/\/www.arhivtk.ba\/index.php?rest_route=\/wp\/v2\/posts\/890","targetHints":{"allow":["GET"]}}],"collection":[{"href":"https:\/\/www.arhivtk.ba\/index.php?rest_route=\/wp\/v2\/posts"}],"about":[{"href":"https:\/\/www.arhivtk.ba\/index.php?rest_route=\/wp\/v2\/types\/post"}],"author":[{"embeddable":true,"href":"https:\/\/www.arhivtk.ba\/index.php?rest_route=\/wp\/v2\/users\/1"}],"replies":[{"embeddable":true,"href":"https:\/\/www.arhivtk.ba\/index.php?rest_route=%2Fwp%2Fv2%2Fcomments&post=890"}],"version-history":[{"count":4,"href":"https:\/\/www.arhivtk.ba\/index.php?rest_route=\/wp\/v2\/posts\/890\/revisions"}],"predecessor-version":[{"id":894,"href":"https:\/\/www.arhivtk.ba\/index.php?rest_route=\/wp\/v2\/posts\/890\/revisions\/894"}],"wp:attachment":[{"href":"https:\/\/www.arhivtk.ba\/index.php?rest_route=%2Fwp%2Fv2%2Fmedia&parent=890"}],"wp:term":[{"taxonomy":"category","embeddable":true,"href":"https:\/\/www.arhivtk.ba\/index.php?rest_route=%2Fwp%2Fv2%2Fcategories&post=890"},{"taxonomy":"post_tag","embeddable":true,"href":"https:\/\/www.arhivtk.ba\/index.php?rest_route=%2Fwp%2Fv2%2Ftags&post=890"}],"curies":[{"name":"wp","href":"https:\/\/api.w.org\/{rel}","templated":true}]}}