{"id":911,"date":"2015-06-03T12:05:32","date_gmt":"2015-06-03T10:05:32","guid":{"rendered":"http:\/\/www.arhivtk.ba\/?p=911"},"modified":"2015-06-06T19:47:53","modified_gmt":"2015-06-06T17:47:53","slug":"najava-obiljezavanja-medunarodnog-dana-arhiva","status":"publish","type":"post","link":"https:\/\/www.arhivtk.ba\/?p=911","title":{"rendered":"Najava obilje\u017eavanja Me\u0111unarodnog dana arhiva"},"content":{"rendered":"<p>U organizaciji JU Arhiva TK, Dru\u0161tva arhivskih zaposlenika TK i Gimnazije &#8220;Ismet Mujezinovi\u0107&#8221; Tuzla povodom 9. juna, Me\u0111unarodnog dana arhiva u prostorijama Arhiva TK biti \u0107e uprili\u010den prigodan program koji uklju\u010duje izlaganje u\u010denika i postavku izlo\u017ebe &#8220;Kulturno blago Arhiva TK &#8211; nacionalno blago BiH&#8221;, te film o radu Arhiva.<\/p>\n<p style=\"text-align: justify;\">Obilje\u017eavanju \u0107e uz saradnike Arhiva prisustvovati i u\u010denici K\u0160C &#8220;Sveti Franjo&#8221; i Gimnazije &#8220;Me\u0161a Selimovi\u0107&#8221; Tuzla, a isto \u0107e biti odr\u017eano 9.juna sa po\u010detkom u 11 h.<\/p>\n<p style=\"text-align: justify;\"><a href=\"https:\/\/www.arhivtk.ba\/wp-content\/uploads\/2015\/06\/plakat-za-9juni.jpg\"><img loading=\"lazy\" decoding=\"async\" class=\"aligncenter  wp-image-912\" src=\"https:\/\/www.arhivtk.ba\/wp-content\/uploads\/2015\/06\/plakat-za-9juni-724x1024.jpg\" alt=\"plakat za 9juni\" width=\"588\" height=\"831\" srcset=\"https:\/\/www.arhivtk.ba\/wp-content\/uploads\/2015\/06\/plakat-za-9juni-724x1024.jpg 724w, https:\/\/www.arhivtk.ba\/wp-content\/uploads\/2015\/06\/plakat-za-9juni-212x300.jpg 212w, https:\/\/www.arhivtk.ba\/wp-content\/uploads\/2015\/06\/plakat-za-9juni-1080x1527.jpg 1080w, https:\/\/www.arhivtk.ba\/wp-content\/uploads\/2015\/06\/plakat-za-9juni.jpg 2000w\" sizes=\"auto, (max-width: 588px) 100vw, 588px\" \/><\/a><\/p>\n","protected":false},"excerpt":{"rendered":"<p>U organizaciji JU Arhiva TK, Dru\u0161tva arhivskih zaposlenika TK i Gimnazije &#8220;Ismet Mujezinovi\u0107&#8221; Tuzla povodom 9. juna, Me\u0111unarodnog dana arhiva u prostorijama Arhiva TK biti \u0107e uprili\u010den prigodan program koji&hellip;<\/p>\n","protected":false},"author":1,"featured_media":0,"comment_status":"closed","ping_status":"closed","sticky":false,"template":"","format":"standard","meta":{"footnotes":""},"categories":[1],"tags":[],"class_list":["post-911","post","type-post","status-publish","format-standard","hentry","category-novosti"],"_links":{"self":[{"href":"https:\/\/www.arhivtk.ba\/index.php?rest_route=\/wp\/v2\/posts\/911","targetHints":{"allow":["GET"]}}],"collection":[{"href":"https:\/\/www.arhivtk.ba\/index.php?rest_route=\/wp\/v2\/posts"}],"about":[{"href":"https:\/\/www.arhivtk.ba\/index.php?rest_route=\/wp\/v2\/types\/post"}],"author":[{"embeddable":true,"href":"https:\/\/www.arhivtk.ba\/index.php?rest_route=\/wp\/v2\/users\/1"}],"replies":[{"embeddable":true,"href":"https:\/\/www.arhivtk.ba\/index.php?rest_route=%2Fwp%2Fv2%2Fcomments&post=911"}],"version-history":[{"count":2,"href":"https:\/\/www.arhivtk.ba\/index.php?rest_route=\/wp\/v2\/posts\/911\/revisions"}],"predecessor-version":[{"id":914,"href":"https:\/\/www.arhivtk.ba\/index.php?rest_route=\/wp\/v2\/posts\/911\/revisions\/914"}],"wp:attachment":[{"href":"https:\/\/www.arhivtk.ba\/index.php?rest_route=%2Fwp%2Fv2%2Fmedia&parent=911"}],"wp:term":[{"taxonomy":"category","embeddable":true,"href":"https:\/\/www.arhivtk.ba\/index.php?rest_route=%2Fwp%2Fv2%2Fcategories&post=911"},{"taxonomy":"post_tag","embeddable":true,"href":"https:\/\/www.arhivtk.ba\/index.php?rest_route=%2Fwp%2Fv2%2Ftags&post=911"}],"curies":[{"name":"wp","href":"https:\/\/api.w.org\/{rel}","templated":true}]}}