{"id":944,"date":"2015-07-02T10:20:08","date_gmt":"2015-07-02T08:20:08","guid":{"rendered":"http:\/\/www.arhivtk.ba\/?p=944"},"modified":"2015-07-02T14:51:28","modified_gmt":"2015-07-02T12:51:28","slug":"otvorena-izlozba-kulturno-obrazovna-djelatnost-arhiva-tuzlanskog-kantona","status":"publish","type":"post","link":"https:\/\/www.arhivtk.ba\/?p=944","title":{"rendered":"Otvorena izlo\u017eba &#8220;Kulturno-obrazovna djelatnost Arhiva Tuzlanskog kantona\u201d"},"content":{"rendered":"<p style=\"text-align: justify;\"><span class=\"fbPhotoCaptionText\">U povodu 61. godine postojanja Arhiva Tuzlanskog kantona u galerijskom prostoru Arhiva otvorena je izlo\u017eba pod nazivom &#8220;Kulturno-obrazovna djelatnost Arhiva Tuzlanskog kantona\u201d, koju su organizovali JU Arhiv Tuzlanskog kantona i Dru\u0161tvo arhivskih zaposlenika Tuzlanskog kantona.<\/span><\/p>\n<p>Autori izlo\u017ebe i kataloga za ovu sve\u010danost su mr. sc. Omer Zuli\u0107, Saneta Adrovi\u0107, Selma Isi\u0107, Nijaz Brbutovi\u0107 i Adnan Tinji\u0107.<\/p>\n<p>Izlo\u017eba sadr\u017ei 16 panoa koji obuhvataju vi\u0161e segmenata i prikazuju dio rezultata koje je Arhiv ostvario u svom 61-godi\u0161njem radu.<\/p>\n<p>Izlo\u017ebu je otvorila Mirsada Begovi\u0107 ministrica obrazovanja, kulture i sporta u Vladi Tuzlanskog kantona uz \u010destitanja zaposlenicima za njihov plodonosni jubilej i porukom da kulturno naslje\u0111e na\u0161eg kantona ne smije biti zaboravljeno.<\/p>\n<p style=\"text-align: center;\"><a href=\"https:\/\/www.facebook.com\/media\/set\/?set=a.673632852668953.1073741864.498899366808970&amp;type=3\">Fotografije sa otvaranja izlo\u017ebe<\/a><\/p>\n","protected":false},"excerpt":{"rendered":"<p>U povodu 61. godine postojanja Arhiva Tuzlanskog kantona u galerijskom prostoru Arhiva otvorena je izlo\u017eba pod nazivom &#8220;Kulturno-obrazovna djelatnost Arhiva Tuzlanskog kantona\u201d, koju su organizovali JU Arhiv Tuzlanskog kantona i&hellip;<\/p>\n","protected":false},"author":1,"featured_media":0,"comment_status":"closed","ping_status":"closed","sticky":false,"template":"","format":"standard","meta":{"footnotes":""},"categories":[1],"tags":[],"class_list":["post-944","post","type-post","status-publish","format-standard","hentry","category-novosti"],"_links":{"self":[{"href":"https:\/\/www.arhivtk.ba\/index.php?rest_route=\/wp\/v2\/posts\/944","targetHints":{"allow":["GET"]}}],"collection":[{"href":"https:\/\/www.arhivtk.ba\/index.php?rest_route=\/wp\/v2\/posts"}],"about":[{"href":"https:\/\/www.arhivtk.ba\/index.php?rest_route=\/wp\/v2\/types\/post"}],"author":[{"embeddable":true,"href":"https:\/\/www.arhivtk.ba\/index.php?rest_route=\/wp\/v2\/users\/1"}],"replies":[{"embeddable":true,"href":"https:\/\/www.arhivtk.ba\/index.php?rest_route=%2Fwp%2Fv2%2Fcomments&post=944"}],"version-history":[{"count":4,"href":"https:\/\/www.arhivtk.ba\/index.php?rest_route=\/wp\/v2\/posts\/944\/revisions"}],"predecessor-version":[{"id":948,"href":"https:\/\/www.arhivtk.ba\/index.php?rest_route=\/wp\/v2\/posts\/944\/revisions\/948"}],"wp:attachment":[{"href":"https:\/\/www.arhivtk.ba\/index.php?rest_route=%2Fwp%2Fv2%2Fmedia&parent=944"}],"wp:term":[{"taxonomy":"category","embeddable":true,"href":"https:\/\/www.arhivtk.ba\/index.php?rest_route=%2Fwp%2Fv2%2Fcategories&post=944"},{"taxonomy":"post_tag","embeddable":true,"href":"https:\/\/www.arhivtk.ba\/index.php?rest_route=%2Fwp%2Fv2%2Ftags&post=944"}],"curies":[{"name":"wp","href":"https:\/\/api.w.org\/{rel}","templated":true}]}}